{"id":180879,"date":"2021-09-07T08:49:17","date_gmt":"2021-09-07T13:49:17","guid":{"rendered":"https:\/\/plazajuarez.mx\/?p=180879"},"modified":"2021-09-07T08:49:31","modified_gmt":"2021-09-07T13:49:31","slug":"continuan-las-campanas-de-sanitizacion-en-emiliano-zapata","status":"publish","type":"post","link":"https:\/\/plazajuarez.mx\/historico\/continuan-las-campanas-de-sanitizacion-en-emiliano-zapata\/","title":{"rendered":"Contin\u00faan las campa\u00f1as de sanitizaci\u00f3n en Emiliano Zapata"},"content":{"rendered":"\n<p class=\"wp-block-paragraph\"><strong>Emiliano Zapata<\/strong>.- Ante el aumento de contagios de Covid-19, la Presidencia Municipal retom\u00f3 las sanitizaciones en las principales avenidas y calles de la cabecera municipal, as\u00ed como de comunidades.<\/p>\n\n\n\n<p class=\"wp-block-paragraph\">Por indicaciones del alcalde, H\u00e9ctor Garc\u00eda Aguilera, personal de Protecci\u00f3n Civil municipal, retom\u00f3 los trabajos de desinfecci\u00f3n y sanitizaci\u00f3n.<\/p>\n\n\n\n<p class=\"wp-block-paragraph\">De acuerdo con los reportes la sanitizaci\u00f3n es llevada a cabo por personal de la direcci\u00f3n de Protecci\u00f3n Civil municipal, ya que, por las medidas sanitarias, cuentan con la capacitaci\u00f3n en el manejo de qu\u00edmicos para estos trabajos.&nbsp;<\/p>\n\n\n\n<p class=\"wp-block-paragraph\">El alcalde dijo que el personal de PC, previamente, ya hab\u00eda realizado estas funciones, y ante el alza generalizada de personas ya contagiadas de la Covid-19, se opt\u00f3 por realizar estos trabajos.<\/p>\n\n\n\n<p class=\"wp-block-paragraph\">A\u00f1adi\u00f3 que en esta campa\u00f1a se realizan en todos los espacios p\u00fablicos de la cabecera municipal y en sus tres comunidades.<\/p>\n\n\n\n<p class=\"wp-block-paragraph\">Esta medida forma parte de la emergencia sanitaria decretada por el Gobierno federal para detener y evitar la propagaci\u00f3n del Covid-19.<\/p>\n\n\n\n<p class=\"wp-block-paragraph\">Mencion\u00f3 que estos trabajos de los cuales se ha estado al pendiente del que se efect\u00faen en la forma correcta, y&nbsp;as\u00ed evitar que alg\u00fan vecino se inconforme por este tipo de acciones preventivas.<\/p>\n\n\n\n<p class=\"wp-block-paragraph\">El personal&nbsp;que lleva a cabo estas labores de desinfecci\u00f3n utiliza trajes especiales, mascarillas, guantes y equipo de protecci\u00f3n especial, para esparcir el l\u00edquido desinfectante a base de cloro, custodiados por elementos de Seguridad P\u00fablica del municipio, quienes hacen las recomendaciones necesarias a la poblaci\u00f3n para evitar exponerse&nbsp;que este producto los llegue a intoxicar.<\/p>\n","protected":false},"excerpt":{"rendered":"<p>Emiliano Zapata.- Ante el aumento de contagios de Covid-19, la Presidencia Municipal retom\u00f3 las sanitizaciones en las principales avenidas y calles de la cabecera municipal, as\u00ed como de comunidades. Por indicaciones del alcalde, H\u00e9ctor Garc\u00eda Aguilera, personal de Protecci\u00f3n Civil municipal, retom\u00f3 los trabajos de desinfecci\u00f3n y sanitizaci\u00f3n. De acuerdo con los reportes la sanitizaci\u00f3n [&hellip;]<\/p>\n","protected":false},"author":69,"featured_media":180880,"comment_status":"closed","ping_status":"closed","sticky":false,"template":"","format":"standard","meta":{"footnotes":""},"categories":[2159,40],"tags":[],"class_list":["post-180879","post","type-post","status-publish","format-standard","has-post-thumbnail","hentry","category-noticias-de-hidalgo","category-region"],"_links":{"self":[{"href":"https:\/\/plazajuarez.mx\/historico\/wp-json\/wp\/v2\/posts\/180879","targetHints":{"allow":["GET"]}}],"collection":[{"href":"https:\/\/plazajuarez.mx\/historico\/wp-json\/wp\/v2\/posts"}],"about":[{"href":"https:\/\/plazajuarez.mx\/historico\/wp-json\/wp\/v2\/types\/post"}],"author":[{"embeddable":true,"href":"https:\/\/plazajuarez.mx\/historico\/wp-json\/wp\/v2\/users\/69"}],"replies":[{"embeddable":true,"href":"https:\/\/plazajuarez.mx\/historico\/wp-json\/wp\/v2\/comments?post=180879"}],"version-history":[{"count":0,"href":"https:\/\/plazajuarez.mx\/historico\/wp-json\/wp\/v2\/posts\/180879\/revisions"}],"wp:featuredmedia":[{"embeddable":true,"href":"https:\/\/plazajuarez.mx\/historico\/wp-json\/wp\/v2\/media\/180880"}],"wp:attachment":[{"href":"https:\/\/plazajuarez.mx\/historico\/wp-json\/wp\/v2\/media?parent=180879"}],"wp:term":[{"taxonomy":"category","embeddable":true,"href":"https:\/\/plazajuarez.mx\/historico\/wp-json\/wp\/v2\/categories?post=180879"},{"taxonomy":"post_tag","embeddable":true,"href":"https:\/\/plazajuarez.mx\/historico\/wp-json\/wp\/v2\/tags?post=180879"}],"curies":[{"name":"wp","href":"https:\/\/api.w.org\/{rel}","templated":true}]}}