{"id":180875,"date":"2021-09-07T08:47:36","date_gmt":"2021-09-07T13:47:36","guid":{"rendered":"https:\/\/plazajuarez.mx\/?p=180875"},"modified":"2021-09-07T08:47:49","modified_gmt":"2021-09-07T13:47:49","slug":"por-amenazas-alcalde-refuerza-su-seguridad-personal","status":"publish","type":"post","link":"https:\/\/plazajuarez.mx\/historico\/por-amenazas-alcalde-refuerza-su-seguridad-personal\/","title":{"rendered":"Por amenazas, alcalde refuerza su seguridad personal"},"content":{"rendered":"\n<p class=\"wp-block-paragraph\"><strong>Tulancingo<\/strong>.- El presidente municipal de Tulancingo, Jorge M\u00e1rquez Alvarado, reconoci\u00f3 que ha reforzado su seguridad personal, contratando personal por su cuenta, debido a que desde finales del a\u00f1o pasado ha sido objeto de amenazas; por lo que busca resguardar su integridad f\u00edsica y la de su familia.<\/p>\n\n\n\n<p class=\"wp-block-paragraph\">Se\u00f1al\u00f3 que ha recibido amenazas constantes contra su vida y la de su familia, pr\u00e1cticamente desde que ingres\u00f3, de nueva cuenta, a la actividad pol\u00edtico-electoral.<\/p>\n\n\n\n<p class=\"wp-block-paragraph\">El jefe del Ejecutivo municipal detall\u00f3 que no han sido amenazas telef\u00f3nicas, sino f\u00edsicas y an\u00f3nimas, es decir, que de alguna forma han dejado en su domicilio y en el de sus familiares desde noviembre del a\u00f1o pasado, aproximadamente un mes antes de que comenzara su administraci\u00f3n p\u00fablica.<\/p>\n\n\n\n<p class=\"wp-block-paragraph\">Las amenazas y atentados contra personajes pol\u00edticos han sido recurrentes en los \u00faltimos tiempos, recientemente, en espec\u00edfico el pasado 6 de junio, en medios estatales se inform\u00f3 que sujetos armados asesinaron al presidente municipal de Zapotl\u00e1n de Ju\u00e1rez, Manuel Aguilar Garc\u00eda, cuando llegaba a su domicilio, en la comunidad Acayucan.<\/p>\n\n\n\n<p class=\"wp-block-paragraph\">Mientras que a nivel nacional, las cifras indican que durante el pasado proceso electoral, un total de 39 candidatos a diferentes cargos fueron asesinados, por lo que M\u00e9xico se erigi\u00f3 como el m\u00e1s violento en los \u00faltimos a\u00f1os.<\/p>\n","protected":false},"excerpt":{"rendered":"<p>Tulancingo.- El presidente municipal de Tulancingo, Jorge M\u00e1rquez Alvarado, reconoci\u00f3 que ha reforzado su seguridad personal, contratando personal por su cuenta, debido a que desde finales del a\u00f1o pasado ha sido objeto de amenazas; por lo que busca resguardar su integridad f\u00edsica y la de su familia. Se\u00f1al\u00f3 que ha recibido amenazas constantes contra su [&hellip;]<\/p>\n","protected":false},"author":70,"featured_media":180876,"comment_status":"closed","ping_status":"closed","sticky":false,"template":"","format":"standard","meta":{"footnotes":""},"categories":[2159,40],"tags":[],"class_list":["post-180875","post","type-post","status-publish","format-standard","has-post-thumbnail","hentry","category-noticias-de-hidalgo","category-region"],"_links":{"self":[{"href":"https:\/\/plazajuarez.mx\/historico\/wp-json\/wp\/v2\/posts\/180875","targetHints":{"allow":["GET"]}}],"collection":[{"href":"https:\/\/plazajuarez.mx\/historico\/wp-json\/wp\/v2\/posts"}],"about":[{"href":"https:\/\/plazajuarez.mx\/historico\/wp-json\/wp\/v2\/types\/post"}],"author":[{"embeddable":true,"href":"https:\/\/plazajuarez.mx\/historico\/wp-json\/wp\/v2\/users\/70"}],"replies":[{"embeddable":true,"href":"https:\/\/plazajuarez.mx\/historico\/wp-json\/wp\/v2\/comments?post=180875"}],"version-history":[{"count":0,"href":"https:\/\/plazajuarez.mx\/historico\/wp-json\/wp\/v2\/posts\/180875\/revisions"}],"wp:featuredmedia":[{"embeddable":true,"href":"https:\/\/plazajuarez.mx\/historico\/wp-json\/wp\/v2\/media\/180876"}],"wp:attachment":[{"href":"https:\/\/plazajuarez.mx\/historico\/wp-json\/wp\/v2\/media?parent=180875"}],"wp:term":[{"taxonomy":"category","embeddable":true,"href":"https:\/\/plazajuarez.mx\/historico\/wp-json\/wp\/v2\/categories?post=180875"},{"taxonomy":"post_tag","embeddable":true,"href":"https:\/\/plazajuarez.mx\/historico\/wp-json\/wp\/v2\/tags?post=180875"}],"curies":[{"name":"wp","href":"https:\/\/api.w.org\/{rel}","templated":true}]}}