{"id":180871,"date":"2021-09-07T08:44:06","date_gmt":"2021-09-07T13:44:06","guid":{"rendered":"https:\/\/plazajuarez.mx\/?p=180871"},"modified":"2021-09-07T08:44:18","modified_gmt":"2021-09-07T13:44:18","slug":"somos-el-grupo-con-mas-pluralidad-francisco-xavier","status":"publish","type":"post","link":"https:\/\/plazajuarez.mx\/historico\/somos-el-grupo-con-mas-pluralidad-francisco-xavier\/","title":{"rendered":"\u201cSomos el grupo con m\u00e1s pluralidad\u201d Francisco Xavier"},"content":{"rendered":"\n<p class=\"wp-block-paragraph\">Sandra Alicia Ordo\u00f1ez P\u00e9rez; Presidenta del Comit\u00e9 Ejecutivo Estatal de Morena en Hidalgo, expres\u00f3, que fue mediante una votaci\u00f3n interna de dicho partido, que se eligi\u00f3 al coordinador, que presidir\u00e1 esta primera Junta de Gobierno de la 65 Legislatura: \u201cel m\u00e1s votado fue nuestro coordinador electo Francisco Xavier\u201d. Esto, respecto al cuestionamiento de por qu\u00e9 no se contemplaron mujeres para presidir la Junta de Gobierno,.<\/p>\n\n\n\n<p class=\"wp-block-paragraph\">Recalc\u00f3 que no podr\u00eda opinar en torno a las decisiones de los otros partidos; pues el segundo a\u00f1o ser\u00e1 presidido por el diputado Julio Valera y el tercero por Jes\u00fas Osiris Le\u00ednes Medecigo;&nbsp; y resalt\u00f3 que el \u201cpartido morena es una mujer\u201d y que el Comit\u00e9 Ejecutivo Estatal est\u00e1 conformado por mujeres aguerridas.&nbsp;<\/p>\n\n\n\n<p class=\"wp-block-paragraph\">Por su parte el jefe de la bancada, Francisco Xavier Berganza, dijo que no fue una exclusi\u00f3n en especial y que el partido tiene mucha pluralidad, incluso se\u00f1al\u00f3 a Lisset Marcelino Tovar como la vicepresidenta de la mesa directiva del Congreso del Estado de Hidalgo y expres\u00f3 que son la \u00fanica facci\u00f3n que tienen un perfil como el del diputado \u00c1ngel Tenorio.&nbsp;<\/p>\n\n\n\n<p class=\"wp-block-paragraph\">De igual forma, Vanesa Escalante, titular del Distrito 16, mencion\u00f3 que el domingo tuvo la oportunidad de externarle el siguiente cuestionamiento a Julio Valera: \u201ccomentarle que porqu\u00e9 en las circunstancias, en la&nbsp; comisi\u00f3n&nbsp; que recibi\u00f3 al gobernador no exist\u00eda equidad de g\u00e9nero; entonces realmente sucedi\u00f3\u201d por lo que agreg\u00f3 que la parte que contempla a las mujeres dentro de la bancada de morena estar\u00e1 pendiente para que haya un equilibrio y equidad.&nbsp;<\/p>\n\n\n\n<p class=\"wp-block-paragraph\">Quienes pertenecieron a la comisi\u00f3n de cortes\u00eda para recibir al gobernador del estado, el Licenciado Omar Fayad,&nbsp; fueron Francisco Xavier Berganxa, Jes\u00fas Osiris Leines Medecigo, Jos\u00e9 No\u00e9 Hern\u00e1ndez Bravo, Miguel \u00c1ngel Mart\u00ednez Soto&nbsp; y Octavio Maga\u00f1a Soto.<\/p>\n\n\n\n<p class=\"wp-block-paragraph\">As\u00ed mismo agreg\u00f3 \u201cen morena todos y todas tenemos la oportunidad de ser visualizados, porque en morena contempla a todos desde j\u00f3venes, adultos mayores, hombres y mujeres que vengan y crean en&nbsp; no mentir, no robar y traicionar. Vamos&nbsp; a estar muy pendientes de esta cuestiones y vamos a ir por ello\u201d.<\/p>\n\n\n\n<p class=\"wp-block-paragraph\">Lo anterior se dio en la conferencia de prensa donde celebraron que la sala Superior del Tribunal Electoral del Poder Judicial de la Federaci\u00f3n (TEPJF) les regresar\u00e1 tres diputaciones plurinominales, luego de que la Sala Toluca les quitar\u00e1 cuatro.&nbsp;<\/p>\n","protected":false},"excerpt":{"rendered":"<p>Sandra Alicia Ordo\u00f1ez P\u00e9rez; Presidenta del Comit\u00e9 Ejecutivo Estatal de Morena en Hidalgo, expres\u00f3, que fue mediante una votaci\u00f3n interna de dicho partido, que se eligi\u00f3 al coordinador, que presidir\u00e1 esta primera Junta de Gobierno de la 65 Legislatura: \u201cel m\u00e1s votado fue nuestro coordinador electo Francisco Xavier\u201d. Esto, respecto al cuestionamiento de por qu\u00e9 [&hellip;]<\/p>\n","protected":false},"author":101,"featured_media":180872,"comment_status":"closed","ping_status":"closed","sticky":false,"template":"","format":"standard","meta":{"footnotes":""},"categories":[59,2159],"tags":[],"class_list":["post-180871","post","type-post","status-publish","format-standard","has-post-thumbnail","hentry","category-general","category-noticias-de-hidalgo"],"_links":{"self":[{"href":"https:\/\/plazajuarez.mx\/historico\/wp-json\/wp\/v2\/posts\/180871","targetHints":{"allow":["GET"]}}],"collection":[{"href":"https:\/\/plazajuarez.mx\/historico\/wp-json\/wp\/v2\/posts"}],"about":[{"href":"https:\/\/plazajuarez.mx\/historico\/wp-json\/wp\/v2\/types\/post"}],"author":[{"embeddable":true,"href":"https:\/\/plazajuarez.mx\/historico\/wp-json\/wp\/v2\/users\/101"}],"replies":[{"embeddable":true,"href":"https:\/\/plazajuarez.mx\/historico\/wp-json\/wp\/v2\/comments?post=180871"}],"version-history":[{"count":0,"href":"https:\/\/plazajuarez.mx\/historico\/wp-json\/wp\/v2\/posts\/180871\/revisions"}],"wp:featuredmedia":[{"embeddable":true,"href":"https:\/\/plazajuarez.mx\/historico\/wp-json\/wp\/v2\/media\/180872"}],"wp:attachment":[{"href":"https:\/\/plazajuarez.mx\/historico\/wp-json\/wp\/v2\/media?parent=180871"}],"wp:term":[{"taxonomy":"category","embeddable":true,"href":"https:\/\/plazajuarez.mx\/historico\/wp-json\/wp\/v2\/categories?post=180871"},{"taxonomy":"post_tag","embeddable":true,"href":"https:\/\/plazajuarez.mx\/historico\/wp-json\/wp\/v2\/tags?post=180871"}],"curies":[{"name":"wp","href":"https:\/\/api.w.org\/{rel}","templated":true}]}}