{"id":180861,"date":"2021-09-07T08:27:47","date_gmt":"2021-09-07T13:27:47","guid":{"rendered":"https:\/\/plazajuarez.mx\/?p=180861"},"modified":"2021-09-07T08:38:44","modified_gmt":"2021-09-07T13:38:44","slug":"implementan-mega-operativo-tras-desbordamiento-del-rio-tula","status":"publish","type":"post","link":"https:\/\/plazajuarez.mx\/historico\/implementan-mega-operativo-tras-desbordamiento-del-rio-tula\/","title":{"rendered":"Implementan mega operativo tras desbordamiento del r\u00edo Tula"},"content":{"rendered":"\n<p class=\"wp-block-paragraph\">El gobernador Omar Fayad instruy\u00f3 la movilizaci\u00f3n de unidades de emergencia, seguridad p\u00fablica y protecci\u00f3n civil hacia la regi\u00f3n de Tula \u2013 Tepeji, adem\u00e1s la Secretar\u00eda de la Defensa Nacional a trav\u00e9s de la 18\u00aa Zona Militar ha activado el plan DN-III en auxilio de las familias que se han visto afectadas.<\/p>\n\n\n\n<p class=\"wp-block-paragraph\">Se estableci\u00f3 comunicaci\u00f3n con la direcci\u00f3n local de la Conagua Comisi\u00f3n Nacional del Agua-SMNmx para aperturar las compuertas de las presas Requena y Endh\u00f3, que rebasaron su capacidad, drenen el excedente de l\u00edquido y evitar as\u00ed la crecida de los cuerpos de agua que han causado el desbordamiento del R\u00edo Tula y el R\u00edo Rosas.<\/p>\n\n\n\n<p class=\"wp-block-paragraph\">Hacemos un atento llamado a la poblaci\u00f3n para tener a la mano su Mochila de Emergencia, seguir las indicaciones de los cuerpos de auxilio y, en caso de ser necesario, evacuar sus domicilios, ya que ante las inclemencias de la naturaleza lo m\u00e1s importante es salvaguardar la vida.<\/p>\n\n\n\n<p class=\"wp-block-paragraph\">Refugios temporales habilitados en Tepeji del R\u00edo:<br>\u2022 Sal\u00f3n de eventos Los Colorines en la Colonia San Francisco (Zona Azul)<br>\u2022 Escuela primaria Melchor Ocampo en la Colonia Tlaxinacalpan<br>\u2022 Centro Cultural Tepeji en la Colonia El Cerrito<br>\u2022 Sal\u00f3n Ejidal Santiago Tlautla<\/p>\n\n\n\n<p class=\"wp-block-paragraph\">Refugios temporales habilitados en Tula de Allende:<br>\u2022 Unidad deportiva municipal<br>\u2022 DIF municipal<br>\u2022 Universidad Tecnol\u00f3gica Tula-Tepeji Centro Educativo Cruz Azul, Ciudad Cooperativa Cruz Azul<br>\u2022 Capilla de Pueblo Nuevo<br>\u2022 Auditorio Infonavit San Marcos<br>\u2022 Capilla de la Malinche<\/p>\n\n\n\n<center><iframe loading=\"lazy\" src=\"https:\/\/www.facebook.com\/plugins\/post.php?href=https%3A%2F%2Fwww.facebook.com%2FGobiernoMunicipalTulaDeAllende%2Fposts%2F255300373133075&amp;show_text=true&amp;width=500\" width=\"500\" height=\"599\" style=\"border:none;overflow:hidden\" scrolling=\"no\" frameborder=\"0\" allowfullscreen=\"true\" allow=\"autoplay; clipboard-write; encrypted-media; picture-in-picture; web-share\"><\/iframe><\/center>\n\n\n\n<p class=\"wp-block-paragraph\">Instancias de los tres \u00f3rdenes de gobierno coordinadas a trav\u00e9s del comit\u00e9 estatal de emergencias han sumado labores para tratar de reducir el impacto de la afectaci\u00f3n conforme a la administraci\u00f3n de la emergencia y la gesti\u00f3n del riesgo y se mantienen activas durante esta madrugada.<\/p>\n\n\n\n<p class=\"wp-block-paragraph\">El C5i Hidalgo se mantendr\u00e1 pendiente para generar los reportes de afectaciones que se reciban a trav\u00e9s del n\u00famero de emergencias 911.<\/p>\n\n\n\n<p class=\"wp-block-paragraph\"><br><\/p>\n","protected":false},"excerpt":{"rendered":"<p>El gobernador Omar Fayad instruy\u00f3 la movilizaci\u00f3n de unidades de emergencia, seguridad p\u00fablica y protecci\u00f3n civil hacia la regi\u00f3n de Tula \u2013 Tepeji, adem\u00e1s la Secretar\u00eda de la Defensa Nacional a trav\u00e9s de la 18\u00aa Zona Militar ha activado el plan DN-III en auxilio de las familias que se han visto afectadas. Se estableci\u00f3 comunicaci\u00f3n [&hellip;]<\/p>\n","protected":false},"author":93,"featured_media":180862,"comment_status":"closed","ping_status":"closed","sticky":false,"template":"","format":"standard","meta":{"footnotes":""},"categories":[15,2159,40],"tags":[],"class_list":["post-180861","post","type-post","status-publish","format-standard","has-post-thumbnail","hentry","category-destacadas","category-noticias-de-hidalgo","category-region"],"_links":{"self":[{"href":"https:\/\/plazajuarez.mx\/historico\/wp-json\/wp\/v2\/posts\/180861","targetHints":{"allow":["GET"]}}],"collection":[{"href":"https:\/\/plazajuarez.mx\/historico\/wp-json\/wp\/v2\/posts"}],"about":[{"href":"https:\/\/plazajuarez.mx\/historico\/wp-json\/wp\/v2\/types\/post"}],"author":[{"embeddable":true,"href":"https:\/\/plazajuarez.mx\/historico\/wp-json\/wp\/v2\/users\/93"}],"replies":[{"embeddable":true,"href":"https:\/\/plazajuarez.mx\/historico\/wp-json\/wp\/v2\/comments?post=180861"}],"version-history":[{"count":0,"href":"https:\/\/plazajuarez.mx\/historico\/wp-json\/wp\/v2\/posts\/180861\/revisions"}],"wp:featuredmedia":[{"embeddable":true,"href":"https:\/\/plazajuarez.mx\/historico\/wp-json\/wp\/v2\/media\/180862"}],"wp:attachment":[{"href":"https:\/\/plazajuarez.mx\/historico\/wp-json\/wp\/v2\/media?parent=180861"}],"wp:term":[{"taxonomy":"category","embeddable":true,"href":"https:\/\/plazajuarez.mx\/historico\/wp-json\/wp\/v2\/categories?post=180861"},{"taxonomy":"post_tag","embeddable":true,"href":"https:\/\/plazajuarez.mx\/historico\/wp-json\/wp\/v2\/tags?post=180861"}],"curies":[{"name":"wp","href":"https:\/\/api.w.org\/{rel}","templated":true}]}}