{"id":180854,"date":"2021-09-07T08:17:34","date_gmt":"2021-09-07T13:17:34","guid":{"rendered":"https:\/\/plazajuarez.mx\/?p=180854"},"modified":"2021-09-07T08:17:48","modified_gmt":"2021-09-07T13:17:48","slug":"asociaciones-civiles-se-reunen-con-senador-menchaca","status":"publish","type":"post","link":"https:\/\/plazajuarez.mx\/historico\/asociaciones-civiles-se-reunen-con-senador-menchaca\/","title":{"rendered":"ASOCIACIONES CIVILES SE RE\u00daNEN CON SENADOR MENCHACA"},"content":{"rendered":"\n<p class=\"wp-block-paragraph\">\u201cDesde hace varios a\u00f1os, coincidimos con muchas y muchos de ustedes en el camino de la organizaci\u00f3n social, donde podemos encontrar causas comunes y tener mejores resultados\u201d, afirm\u00f3 el Senador Julio Menchaca Salazar durante una reuni\u00f3n que sostuvo con Organizaciones de la Sociedad Civil (OSC), a quienes, adem\u00e1s, agradeci\u00f3 la invitaci\u00f3n para esta mesa de trabajo.<\/p>\n\n\n\n<p class=\"wp-block-paragraph\">Durante dicho encuentro, tanto Menchaca Salazar, como las y los integrantes de la OSC, platicaron sobre temas relacionados con la lucha y el activismo social en el estado de Hidalgo. Por cuestiones de contingencia, est\u00e1 reuni\u00f3n s\u00f3lo contempl\u00f3 un primer bloque de organizaciones, entre ellas quienes atienden temas de Infancias, art\u00edstico y cultural, ambiental, divulgaci\u00f3n cient\u00edfica, educaci\u00f3n, feministas, diversidad, derechos humanos, protecci\u00f3n a perros y gatos, conservaci\u00f3n de fauna silvestre, discapacidad, adultos mayores, comunidades callejeras e ind\u00edgenas, derechos de la mujer, urbanismo sostenible, adultos mayores, cultura por la paz, desarrollo comunitario y seguridad alimentaria y masculinidades.<\/p>\n\n\n\n<p class=\"wp-block-paragraph\">Como parte de este di\u00e1logo, el senador expres\u00f3: \u201cTengo muchos a\u00f1os trabajando y construyendo con mis amigas y amigos de la sociedad civil. Siempre es un gusto verles y coincidir en los proyectos sociales\u201d.<\/p>\n","protected":false},"excerpt":{"rendered":"<p>\u201cDesde hace varios a\u00f1os, coincidimos con muchas y muchos de ustedes en el camino de la organizaci\u00f3n social, donde podemos encontrar causas comunes y tener mejores resultados\u201d, afirm\u00f3 el Senador Julio Menchaca Salazar durante una reuni\u00f3n que sostuvo con Organizaciones de la Sociedad Civil (OSC), a quienes, adem\u00e1s, agradeci\u00f3 la invitaci\u00f3n para esta mesa de [&hellip;]<\/p>\n","protected":false},"author":93,"featured_media":180855,"comment_status":"closed","ping_status":"closed","sticky":false,"template":"","format":"standard","meta":{"footnotes":""},"categories":[59,2159],"tags":[],"class_list":["post-180854","post","type-post","status-publish","format-standard","has-post-thumbnail","hentry","category-general","category-noticias-de-hidalgo"],"_links":{"self":[{"href":"https:\/\/plazajuarez.mx\/historico\/wp-json\/wp\/v2\/posts\/180854","targetHints":{"allow":["GET"]}}],"collection":[{"href":"https:\/\/plazajuarez.mx\/historico\/wp-json\/wp\/v2\/posts"}],"about":[{"href":"https:\/\/plazajuarez.mx\/historico\/wp-json\/wp\/v2\/types\/post"}],"author":[{"embeddable":true,"href":"https:\/\/plazajuarez.mx\/historico\/wp-json\/wp\/v2\/users\/93"}],"replies":[{"embeddable":true,"href":"https:\/\/plazajuarez.mx\/historico\/wp-json\/wp\/v2\/comments?post=180854"}],"version-history":[{"count":0,"href":"https:\/\/plazajuarez.mx\/historico\/wp-json\/wp\/v2\/posts\/180854\/revisions"}],"wp:featuredmedia":[{"embeddable":true,"href":"https:\/\/plazajuarez.mx\/historico\/wp-json\/wp\/v2\/media\/180855"}],"wp:attachment":[{"href":"https:\/\/plazajuarez.mx\/historico\/wp-json\/wp\/v2\/media?parent=180854"}],"wp:term":[{"taxonomy":"category","embeddable":true,"href":"https:\/\/plazajuarez.mx\/historico\/wp-json\/wp\/v2\/categories?post=180854"},{"taxonomy":"post_tag","embeddable":true,"href":"https:\/\/plazajuarez.mx\/historico\/wp-json\/wp\/v2\/tags?post=180854"}],"curies":[{"name":"wp","href":"https:\/\/api.w.org\/{rel}","templated":true}]}}