{"id":180279,"date":"2021-09-03T11:25:37","date_gmt":"2021-09-03T16:25:37","guid":{"rendered":"https:\/\/plazajuarez.mx\/?p=180279"},"modified":"2021-09-03T11:25:57","modified_gmt":"2021-09-03T16:25:57","slug":"detuvieron-y-desarmaron-a-agentes-del-inm-y-de-la-gn","status":"publish","type":"post","link":"https:\/\/plazajuarez.mx\/historico\/detuvieron-y-desarmaron-a-agentes-del-inm-y-de-la-gn\/","title":{"rendered":"Detuvieron y desarmaron a agentes del INM y de la GN"},"content":{"rendered":"\n<p class=\"wp-block-paragraph\">Un grupo de ind\u00edgenas tzeltales encabezados por un candidato a un puesto de elecci\u00f3n popular en el ayuntamiento de Ocosingo, por el Movimiento Regeneraci\u00f3n Nacional (Morena) mantienen desde hace 24 horas en su poder, a elementos de la Guardia Nacional (GN) e Instituto Nacional de Migraci\u00f3n (INM), en represalia por haber asegurado a dos traficantes de humanos que operan en la selva.<\/p>\n\n\n\n<p class=\"wp-block-paragraph\">Autoridades comunitarias de la regi\u00f3n Selva informaron que ayer por la madrugada, ind\u00edgenas tzeltales interceptaron a los veh\u00edculos en los que viajaban los agentes federales, que horas antes hab\u00edan asegurado a dos presuntos traficantes de humanos que mueven a inmigrantes desde el r\u00edo Usumacinta a Palenque.<\/p>\n\n\n\n<p class=\"wp-block-paragraph\">Explicaron que los tzeltales interceptaron a los agentes federales, en el crucero de San Javier, que del municipio de Ocosingo, ubicado sobre la carretera Fronteriza del Sur, punto que enlaza hacia el este con el r\u00edo Usumacinta, donde desde hace m\u00e1s de un a\u00f1o ingresan cientos de migrantes centroamericanos.<\/p>\n\n\n\n<p class=\"wp-block-paragraph\">Esta tarde del jueves, a\u00fan continuaban detenidos los elementos del INM y agentes de la Guardia Nacional, pero las fuentes no pudieron informar si reciben alimentos o si se encuentran cautivos en una comunidad cercana.<\/p>\n\n\n\n<p class=\"wp-block-paragraph\">Dijo que en uno de los veh\u00edculos de la Guardia Nacional con n\u00famero GN 317341, los tzeltales les colocaron loros, en un intento por incriminar a los agentes federales.<\/p>\n\n\n\n<p class=\"wp-block-paragraph\">Hasta ahora ninguna autoridad ha informado sobre la detenci\u00f3n de los agentes federales.<\/p>\n\n\n\n<p class=\"wp-block-paragraph\">Pero las fuentes dijeron que los elementos de la Guardia Nacional han sido desarmados.<\/p>\n\n\n\n<p class=\"wp-block-paragraph\">Agregaron que el grupo de inconformes es dirigido por el excandidato a un puesto de elecci\u00f3n popular al ayuntamiento de Ocosingo, por Morena, es el presunto cabecilla del grupo.<\/p>\n","protected":false},"excerpt":{"rendered":"<p>Un grupo de ind\u00edgenas tzeltales encabezados por un candidato a un puesto de elecci\u00f3n popular en el ayuntamiento de Ocosingo, por el Movimiento Regeneraci\u00f3n Nacional (Morena) mantienen desde hace 24 horas en su poder, a elementos de la Guardia Nacional (GN) e Instituto Nacional de Migraci\u00f3n (INM), en represalia por haber asegurado a dos traficantes [&hellip;]<\/p>\n","protected":false},"author":81,"featured_media":180280,"comment_status":"closed","ping_status":"closed","sticky":false,"template":"","format":"standard","meta":{"footnotes":""},"categories":[37],"tags":[],"class_list":["post-180279","post","type-post","status-publish","format-standard","has-post-thumbnail","hentry","category-barandilla"],"_links":{"self":[{"href":"https:\/\/plazajuarez.mx\/historico\/wp-json\/wp\/v2\/posts\/180279","targetHints":{"allow":["GET"]}}],"collection":[{"href":"https:\/\/plazajuarez.mx\/historico\/wp-json\/wp\/v2\/posts"}],"about":[{"href":"https:\/\/plazajuarez.mx\/historico\/wp-json\/wp\/v2\/types\/post"}],"author":[{"embeddable":true,"href":"https:\/\/plazajuarez.mx\/historico\/wp-json\/wp\/v2\/users\/81"}],"replies":[{"embeddable":true,"href":"https:\/\/plazajuarez.mx\/historico\/wp-json\/wp\/v2\/comments?post=180279"}],"version-history":[{"count":0,"href":"https:\/\/plazajuarez.mx\/historico\/wp-json\/wp\/v2\/posts\/180279\/revisions"}],"wp:featuredmedia":[{"embeddable":true,"href":"https:\/\/plazajuarez.mx\/historico\/wp-json\/wp\/v2\/media\/180280"}],"wp:attachment":[{"href":"https:\/\/plazajuarez.mx\/historico\/wp-json\/wp\/v2\/media?parent=180279"}],"wp:term":[{"taxonomy":"category","embeddable":true,"href":"https:\/\/plazajuarez.mx\/historico\/wp-json\/wp\/v2\/categories?post=180279"},{"taxonomy":"post_tag","embeddable":true,"href":"https:\/\/plazajuarez.mx\/historico\/wp-json\/wp\/v2\/tags?post=180279"}],"curies":[{"name":"wp","href":"https:\/\/api.w.org\/{rel}","templated":true}]}}