{"id":1801,"date":"2015-03-06T06:00:00","date_gmt":"2015-03-06T06:00:00","guid":{"rendered":"http:\/\/plazajuarez.mx\/index\/index.php\/2015\/03\/06\/innovacion-tambien-es-transparencia-olvera\/"},"modified":"2015-03-06T06:00:00","modified_gmt":"2015-03-06T06:00:00","slug":"innovacion-tambien-es-transparencia-olvera","status":"publish","type":"post","link":"https:\/\/plazajuarez.mx\/historico\/innovacion-tambien-es-transparencia-olvera\/","title":{"rendered":"Innovaci\u00f3n tambi\u00e9n  es transparencia: Olvera"},"content":{"rendered":"<ul>\n<li>Inauguran la 3\u00aa Conferencia Interamericana Experiencias Innovadoras en Gesti\u00f3n P\u00fablica Efectiva <!--more--> <\/li>\n<\/ul>\n<p>Este jueves el gobernador del estado, Jos\u00e9 Francisco Olvera Ruiz, acudi\u00f3 a la inauguraci\u00f3n de la tercera Conferencia Interamericana \u201cExperiencias Innovadoras en Gesti\u00f3n P\u00fablica Efectiva\u201d, organizada como parte de la agenda de trabajo de la Organizaci\u00f3n de Estados Americanos (OEA) y a la cual asistieron representantes de 34 pa\u00edses y Pachuca es sede.<\/p>\n<p>\u00a0<\/p>\n<p>Luego de escuchar el discurso del titular de la Secretar\u00eda de la Funci\u00f3n P\u00fablica (SFP) de gobierno federal, Virgilio Andrade Mart\u00ednez, el mandatario estatal coincidi\u00f3 con el funcionario al afirmar que la Innovaci\u00f3n no s\u00f3lo es mejorar o ser m\u00e1s r\u00e1pidos, sino tambi\u00e9n ser m\u00e1s transparente todo el ejercicio y todo proceso de la administraci\u00f3n p\u00fablica.<\/p>\n<p>\u00a0<\/p>\n<p>\u201cLa transparencia tiene que ver con un ejercicio de credibilidad, de confianza en la sociedad y en M\u00e9xico con la pol\u00edtica del Presidente de la Republica, a partir de las grandes reformas y una de ellas es la \u00faltima reforma, que est\u00e1 en proceso, en busca verdaderamente de dar un rostro distinto a la confianza y a la certidumbre, evitar la opacidad y la incertidumbre\u201d.<\/p>\n<p>\u00a0<\/p>\n<p>En este sentido, el gobernador afirm\u00f3 que en Hidalgo se est\u00e1 muy comprometido con el ejercicio de la transparencia, de ah\u00ed que en cuanto se concrete la ley al respecto a nivel nacional, garantiz\u00f3 que aqu\u00ed se har\u00e1 lo que corresponda y se enviar\u00e1 la iniciativa al Congreso local, pues el fin com\u00fan de todos los gobiernos es lograr el bienestar de nuestra sociedad.<\/p>\n<p>\u00a0<\/p>\n<p>En su discurso de bienvenida a los m\u00e1s de 34 representantes de diferentes pa\u00edses, el Jefe del Ejecutivo local, reconoci\u00f3 que en el pa\u00eds ha habido comentarios y se\u00f1alamientos o pr\u00e1cticas al margen \u201csin embargo es m\u00e1s lo que se ha pretendido mostrar como algo obscuro que lo que realmente es\u201d.<\/p>\n<p>\u00a0<\/p>\n<p>Por ello garantiz\u00f3 que para los mexicanos es m\u00e1s importante que la gente de otros lugares visiten el pa\u00eds y lo conozcan realmente como es y no lo que se dice \u201cque se conozca aqu\u00ed, que se comparta, que se conviva entre nosotros y que se den cuenta que en M\u00e9xico se vive en Paz, que hay\u00a0 problemas en algunos zonas pero que en el resto del pa\u00eds se mantiene trabajando, activo y sobre todo con una gran esperanza de mejorar nuestro presente y en forjar un mejor futuro para nuestras familias\u201d, sentenci\u00f3.<\/p>\n<p>Por su parte, en su mensaje Virgilio Andrade asever\u00f3 que hoy los gobiernos deben ofrecer a la poblaci\u00f3n una mejor atenci\u00f3n, as\u00ed como estar a la altura de\u00a0 sus necesidades, por ello afirm\u00f3 que\u00a0 para hablar de gesti\u00f3n p\u00fablica efectiva, es importante contar con un gobierno al servicio de los ciudadanos.<\/p>\n<p>Del mismo modo, el secretario de la Funci\u00f3n P\u00fablica asegur\u00f3 que el uso de un sistema digitalizado en el manejo eficiente de los recursos y la toma de decisiones que impacten a la sociedad, permitir\u00e1 fortalecer la gesti\u00f3n p\u00fablica en sus diferentes niveles de gobierno.<\/p>\n<p>Ante este escenario, el gobernador hidalguense, tambi\u00e9n coment\u00f3 que en Hidalgo se han hecho buenas pr\u00e1cticas \u201ctratamos de hacer un gobierno innovador abierto, innovador, totalmente digitalizado, con una estrecha coordinaci\u00f3n con los gobiernos municipales sin importar los colores partidistas. Innovaci\u00f3n, capacitaci\u00f3n, investigaci\u00f3n ha sido clave para alcanzar este tipo de metas\u201d, de ah\u00ed que asegur\u00f3 que en este tercer encuentro se\u00a0 lograr\u00eda un buen intercambio de experiencias.<\/p>\n<p>En su oportunidad, Albert Ramdin, en representaci\u00f3n de Miguel Insulza, secretario General de la OEA, subray\u00f3 que la rendici\u00f3n de cuentas es un componente fundamental en la administraci\u00f3n p\u00fablica, ya que fortalece a las instituciones y permite la transparencia, as\u00ed como la participaci\u00f3n ciudadana, sin importar ideolog\u00edas partidistas.<\/p>\n<p>De esta forma, enfatiz\u00f3, \u201cla prosperidad no es posible sin pol\u00edticas incluyentes; de igual forma la eficiencia y transparencia, son esenciales para gobiernos electos democr\u00e1ticamente\u201d, pues dijo que el cumplimiento de los compromisos por parte de los gobernantes fortalece la democracia.<\/p>\n<p>Como muestra de este trabajo de innovaci\u00f3n, el alcalde de Pachuca, anfitri\u00f3n de la conferencia, Eleazar Garc\u00eda S\u00e1nchez, aprovech\u00f3 el momento para anunciar que en breve la capital ser\u00e1 el primer municipio de la entidad en contar con una plataforma electr\u00f3nica que permita fortalecer el manejo transparente de los recursos p\u00fablicos.<\/p>\n<p>Por \u00faltimo cabe mencionar que en esta conferencia se desarrollar\u00edan temas relacionados con la Innovaci\u00f3n de la Gesti\u00f3n del Talento Humano para la Calidad de los Servicios P\u00fablicos; \u201cModelo de Gesti\u00f3n Documental\u201d, de la Red de Transparencia y Acceso a la Informaci\u00f3n P\u00fablica; as\u00ed como la Innovaci\u00f3n para un Gobierno Abierto al Servicio de los Ciudadanos; entre otros.<\/p>\n<p>\u00a0<\/p>\n<p>\u00a0<\/p>\n<p>\u00a0<\/p>\n<p>\u00a0<\/p>\n<p>\u00a0<\/p>\n<p>\u00a0<\/p>\n<p>\u00a0<\/p>\n<p>\u00a0<\/p>\n","protected":false},"excerpt":{"rendered":"<p>Inauguran la 3\u00aa Conferencia Interamericana Experiencias Innovadoras en Gesti\u00f3n P\u00fablica Efectiva<\/p>\n","protected":false},"author":93,"featured_media":0,"comment_status":"open","ping_status":"open","sticky":false,"template":"","format":"standard","meta":{"footnotes":""},"categories":[59],"tags":[],"class_list":["post-1801","post","type-post","status-publish","format-standard","hentry","category-general"],"_links":{"self":[{"href":"https:\/\/plazajuarez.mx\/historico\/wp-json\/wp\/v2\/posts\/1801","targetHints":{"allow":["GET"]}}],"collection":[{"href":"https:\/\/plazajuarez.mx\/historico\/wp-json\/wp\/v2\/posts"}],"about":[{"href":"https:\/\/plazajuarez.mx\/historico\/wp-json\/wp\/v2\/types\/post"}],"author":[{"embeddable":true,"href":"https:\/\/plazajuarez.mx\/historico\/wp-json\/wp\/v2\/users\/93"}],"replies":[{"embeddable":true,"href":"https:\/\/plazajuarez.mx\/historico\/wp-json\/wp\/v2\/comments?post=1801"}],"version-history":[{"count":0,"href":"https:\/\/plazajuarez.mx\/historico\/wp-json\/wp\/v2\/posts\/1801\/revisions"}],"wp:attachment":[{"href":"https:\/\/plazajuarez.mx\/historico\/wp-json\/wp\/v2\/media?parent=1801"}],"wp:term":[{"taxonomy":"category","embeddable":true,"href":"https:\/\/plazajuarez.mx\/historico\/wp-json\/wp\/v2\/categories?post=1801"},{"taxonomy":"post_tag","embeddable":true,"href":"https:\/\/plazajuarez.mx\/historico\/wp-json\/wp\/v2\/tags?post=1801"}],"curies":[{"name":"wp","href":"https:\/\/api.w.org\/{rel}","templated":true}]}}