{"id":1800,"date":"2015-03-06T06:00:00","date_gmt":"2015-03-06T06:00:00","guid":{"rendered":"http:\/\/plazajuarez.mx\/index\/index.php\/2015\/03\/06\/habra-reunion-de-gobierno-con-los-84-municipios\/"},"modified":"2015-03-06T06:00:00","modified_gmt":"2015-03-06T06:00:00","slug":"habra-reunion-de-gobierno-con-los-84-municipios","status":"publish","type":"post","link":"https:\/\/plazajuarez.mx\/historico\/habra-reunion-de-gobierno-con-los-84-municipios\/","title":{"rendered":"Habr\u00e1 reuni\u00f3n de gobierno  \u00a0con los 84 municipios"},"content":{"rendered":"<p>PR\u00d3XIMA SEMANA<\/p>\n<ul>\n<li>Los temas a tratar ser\u00e1n de seguridad<\/li>\n<li>Anunci\u00f3 el secretario de Gobierno, Salvador Elguero Molina <!--more--> \u00a0<\/li>\n<\/ul>\n<p>Salvador Elguero Molina, titular de la Secretar\u00eda de Gobierno en la entidad, anunci\u00f3 que muy probablemente la siguiente semana se reunir\u00e1 con los alcaldes de los 84 municipios de la entidad para tratar diversos temas de seguridad que son de la incumbencia de los ediles.<\/p>\n<p>\u00a0<\/p>\n<p>\u201cVa a ser antes del 15 de marzo, todav\u00eda no tenemos la fecha, pero si vamos a tener esa reuni\u00f3n, ya est\u00e1 acordada y definida\u201d, expres\u00f3 el funcionario, al tiempo en que comunic\u00f3 que los temas a tratar ser\u00edan relacionados al tema de seguridad.<\/p>\n<p>\u00a0<\/p>\n<p>Subray\u00f3 que si bien son muchos los temas donde los Presidentes Municipales deben de actuar, algunos ejemplos de estos son: las m\u00e1quinas traga monedas, las casas de empe\u00f1o, los deshuesaderos, la coordinaci\u00f3n adecuada al mando \u00fanico, s\u00f3lo por mencionar algunos.<\/p>\n<p>\u00a0<\/p>\n<p>Elguero Molina enfatiz\u00f3 que lo m\u00e1s importante sobre esta reuni\u00f3n es tambi\u00e9n definir tareas espec\u00edficas entre los alcaldes \u201cpara que podamos tener una mejor coordinaci\u00f3n\u201d; pues asever\u00f3 que el tema prioritario en este caso ser\u00e1 precisamente fortalecer la buena coordinaci\u00f3n entre las tres instancias de gobierno.<\/p>\n<p>\u00a0<\/p>\n<p>\u201cEl tema prioritario es tener una buena coordinaci\u00f3n, una buena comunicaci\u00f3n para que podamos tener oportunidad en la medida de lo posible preventiva pero tambi\u00e9n que esa acci\u00f3n de las diferentes fuerzas, en este caso la procuradur\u00eda, de la polic\u00eda; todo este bien sintonizado y actuar con oportunidad\u201d, explic\u00f3 el funcionario hidalguense.<\/p>\n<p>\u00a0<\/p>\n<p>Por \u00faltimo, relacionado al caso de la menor que fue encontrada muerta en un camino de terracer\u00eda de Tolcayuca y quien hab\u00eda desaparecido desde el 27 de febrero, el encargado de la pol\u00edtica interna garantiz\u00f3 que el caso se investiga y\u00a0 ocupa a las autoridades, por lo que se estar\u00e1 al pendiente del caso, dado que estas han sido las indicaciones del gobernador para que se atienda con cuidado y se resuelva.<\/p>\n<p>\u00a0<\/p>\n","protected":false},"excerpt":{"rendered":"<p>PR\u00d3XIMA SEMANA Los temas a tratar ser\u00e1n de seguridad Anunci\u00f3 el secretario de Gobierno, Salvador Elguero Molina<\/p>\n","protected":false},"author":93,"featured_media":0,"comment_status":"open","ping_status":"open","sticky":false,"template":"","format":"standard","meta":{"footnotes":""},"categories":[59],"tags":[],"class_list":["post-1800","post","type-post","status-publish","format-standard","hentry","category-general"],"_links":{"self":[{"href":"https:\/\/plazajuarez.mx\/historico\/wp-json\/wp\/v2\/posts\/1800","targetHints":{"allow":["GET"]}}],"collection":[{"href":"https:\/\/plazajuarez.mx\/historico\/wp-json\/wp\/v2\/posts"}],"about":[{"href":"https:\/\/plazajuarez.mx\/historico\/wp-json\/wp\/v2\/types\/post"}],"author":[{"embeddable":true,"href":"https:\/\/plazajuarez.mx\/historico\/wp-json\/wp\/v2\/users\/93"}],"replies":[{"embeddable":true,"href":"https:\/\/plazajuarez.mx\/historico\/wp-json\/wp\/v2\/comments?post=1800"}],"version-history":[{"count":0,"href":"https:\/\/plazajuarez.mx\/historico\/wp-json\/wp\/v2\/posts\/1800\/revisions"}],"wp:attachment":[{"href":"https:\/\/plazajuarez.mx\/historico\/wp-json\/wp\/v2\/media?parent=1800"}],"wp:term":[{"taxonomy":"category","embeddable":true,"href":"https:\/\/plazajuarez.mx\/historico\/wp-json\/wp\/v2\/categories?post=1800"},{"taxonomy":"post_tag","embeddable":true,"href":"https:\/\/plazajuarez.mx\/historico\/wp-json\/wp\/v2\/tags?post=1800"}],"curies":[{"name":"wp","href":"https:\/\/api.w.org\/{rel}","templated":true}]}}