{"id":179963,"date":"2021-09-01T09:16:41","date_gmt":"2021-09-01T14:16:41","guid":{"rendered":"https:\/\/plazajuarez.mx\/?p=179963"},"modified":"2021-09-01T09:17:06","modified_gmt":"2021-09-01T14:17:06","slug":"pan-y-prd-exigen-cese-de-marti-batres","status":"publish","type":"post","link":"https:\/\/plazajuarez.mx\/historico\/pan-y-prd-exigen-cese-de-marti-batres\/","title":{"rendered":"PAN y PRD exigen cese de Mart\u00ed Batres"},"content":{"rendered":"\n<p>AGENCIA EL UNIVERSAL.- Ante la agresi\u00f3n que sufrieron los alcaldes electos de oposici\u00f3n por parte de la polic\u00eda, los presidentes nacionales del PAN y PRD, Marko Cort\u00e9s y Jes\u00fas Zambrano, exigen el cese inmediato de Mart\u00ed Batres Guadarrama, como secretario de Gobierno capitalino.<\/p>\n\n\n\n<p>De igual forma, piden a la jefa de Gobierno, Claudia Sheinbaum Pardo, una disculpa p\u00fablica a las v\u00edctimas, agrupados en la Uni\u00f3n de Alcald\u00edas de la Ciudad de M\u00e9xico (UNA-CDMX), adem\u00e1s con el compromiso pleno de que no repetir\u00e1 estos lamentables acontecimientos.<\/p>\n\n\n\n<p>En conferencia de prensa, L\u00eda Lim\u00f3n Garc\u00eda, alcaldesa electa de \u00c1lvaro Obreg\u00f3n, quien fue la mayormente agredida por pare de los &#8220;granaderos&#8221;, anunci\u00f3 que en las pr\u00f3ximas horas presentar\u00e1 una denuncia penal &#8220;con quien resulte responsable&#8221;, por los delitos de lesiones y abuso de autoridad.<\/p>\n\n\n\n<p><strong>COMPARAN AGRESI\u00d3N A L\u00cdA LIM\u00d3N CON \u201cEL HALCONAZO\u201d&nbsp;<\/strong><\/p>\n\n\n\n<p>El dirigente nacional del PAN, Marko Cort\u00e9s, y el l\u00edder del PRD, Jes\u00fas Zambrano, condenaron la agresi\u00f3n contra alcaldes electos de oposici\u00f3n y compararon los hechos con &#8220;El Halconazo&#8221; de 1971.<\/p>\n\n\n\n<p>&#8220;Es una afrenta para las mujeres y hombres que votaron por las alcaldesas y los alcaldes agredidos. Las im\u00e1genes me recuerdan a los hechos del 10 de junio de 1971, cuando los granaderos detuvieron una manifestaci\u00f3n golpeando y masacrando; quiere decir que ayer hubo una regresi\u00f3n de 50 a\u00f1os&#8221;, declar\u00f3 Zambrano.<\/p>\n\n\n\n<p>El panista Marko Cort\u00e9s asegur\u00f3 que el gobierno capitalino de Claudia Sheinbaum &#8220;va de mal en peor&#8221;.<\/p>\n","protected":false},"excerpt":{"rendered":"<p>AGENCIA EL UNIVERSAL.- Ante la agresi\u00f3n que sufrieron los alcaldes electos de oposici\u00f3n por parte de la polic\u00eda, los presidentes nacionales del PAN y PRD, Marko Cort\u00e9s y Jes\u00fas Zambrano, exigen el cese inmediato de Mart\u00ed Batres Guadarrama, como secretario de Gobierno capitalino. De igual forma, piden a la jefa de Gobierno, Claudia Sheinbaum Pardo, [&hellip;]<\/p>\n","protected":false},"author":81,"featured_media":179964,"comment_status":"closed","ping_status":"closed","sticky":false,"template":"","format":"standard","meta":{"footnotes":""},"categories":[36],"tags":[],"class_list":["post-179963","post","type-post","status-publish","format-standard","has-post-thumbnail","hentry","category-nacion"],"_links":{"self":[{"href":"https:\/\/plazajuarez.mx\/historico\/wp-json\/wp\/v2\/posts\/179963","targetHints":{"allow":["GET"]}}],"collection":[{"href":"https:\/\/plazajuarez.mx\/historico\/wp-json\/wp\/v2\/posts"}],"about":[{"href":"https:\/\/plazajuarez.mx\/historico\/wp-json\/wp\/v2\/types\/post"}],"author":[{"embeddable":true,"href":"https:\/\/plazajuarez.mx\/historico\/wp-json\/wp\/v2\/users\/81"}],"replies":[{"embeddable":true,"href":"https:\/\/plazajuarez.mx\/historico\/wp-json\/wp\/v2\/comments?post=179963"}],"version-history":[{"count":0,"href":"https:\/\/plazajuarez.mx\/historico\/wp-json\/wp\/v2\/posts\/179963\/revisions"}],"wp:featuredmedia":[{"embeddable":true,"href":"https:\/\/plazajuarez.mx\/historico\/wp-json\/wp\/v2\/media\/179964"}],"wp:attachment":[{"href":"https:\/\/plazajuarez.mx\/historico\/wp-json\/wp\/v2\/media?parent=179963"}],"wp:term":[{"taxonomy":"category","embeddable":true,"href":"https:\/\/plazajuarez.mx\/historico\/wp-json\/wp\/v2\/categories?post=179963"},{"taxonomy":"post_tag","embeddable":true,"href":"https:\/\/plazajuarez.mx\/historico\/wp-json\/wp\/v2\/tags?post=179963"}],"curies":[{"name":"wp","href":"https:\/\/api.w.org\/{rel}","templated":true}]}}