{"id":179955,"date":"2021-09-01T08:35:41","date_gmt":"2021-09-01T13:35:41","guid":{"rendered":"https:\/\/plazajuarez.mx\/?p=179955"},"modified":"2021-09-01T08:35:58","modified_gmt":"2021-09-01T13:35:58","slug":"alcalde-jorge-marquez-entrega-apoyos-para-reactivacion-economica","status":"publish","type":"post","link":"https:\/\/plazajuarez.mx\/historico\/alcalde-jorge-marquez-entrega-apoyos-para-reactivacion-economica\/","title":{"rendered":"Alcalde Jorge M\u00e1rquez entrega apoyos para reactivaci\u00f3n econ\u00f3mica"},"content":{"rendered":"\n<p><\/p>\n\n\n\n<p>TULANCINGO.- En apoyo a los primeros 24\u00a0 micro y peque\u00f1os empresarios del municipio y en cumplimiento a lo anunciado en periodo de campa\u00f1a, el alcalde Jorge M\u00e1rquez, llev\u00f3 a cabo la entrega de\u00a0 apoyos para la reactivaci\u00f3n econ\u00f3mica Tulancingo Avanza 2021, en el Auditorio Benito Ju\u00e1rez, de Presidencia Municipal.<\/p>\n\n\n\n<p>Dijo que al proveer de apoyos econ\u00f3micos reembolsables a comerciantes le representa a este gobierno, una contribuci\u00f3n al aceleramiento empresarial, a fin de impulsar en el municipio una econom\u00eda competitiva, innovadora y din\u00e1mica.<\/p>\n\n\n\n<p>El jefe del Ejecutivo municipal reconoci\u00f3 que los micro y peque\u00f1os negocios tienen un rol importante por la aportaci\u00f3n que hacen a la econom\u00eda local, de ah\u00ed que sea elemental superar juntos (gobierno y sector comercial), esta etapa de recesi\u00f3n a causa de la pandemia.<\/p>\n\n\n\n<p>Por su parte, el secretario de Fomento Econ\u00f3mico, Juan Garc\u00eda Melo, dijo que es menester y objetivo institucional que m\u00e1s peque\u00f1as y medianas empresas se fortalezcan y reactiven, siendo esto un&nbsp; aliciente a la econom\u00eda interna.<\/p>\n","protected":false},"excerpt":{"rendered":"<p>TULANCINGO.- En apoyo a los primeros 24\u00a0 micro y peque\u00f1os empresarios del municipio y en cumplimiento a lo anunciado en periodo de campa\u00f1a, el alcalde Jorge M\u00e1rquez, llev\u00f3 a cabo la entrega de\u00a0 apoyos para la reactivaci\u00f3n econ\u00f3mica Tulancingo Avanza 2021, en el Auditorio Benito Ju\u00e1rez, de Presidencia Municipal. Dijo que al proveer de apoyos [&hellip;]<\/p>\n","protected":false},"author":93,"featured_media":179957,"comment_status":"closed","ping_status":"closed","sticky":false,"template":"","format":"standard","meta":{"footnotes":""},"categories":[2159,40],"tags":[],"class_list":["post-179955","post","type-post","status-publish","format-standard","has-post-thumbnail","hentry","category-noticias-de-hidalgo","category-region"],"_links":{"self":[{"href":"https:\/\/plazajuarez.mx\/historico\/wp-json\/wp\/v2\/posts\/179955","targetHints":{"allow":["GET"]}}],"collection":[{"href":"https:\/\/plazajuarez.mx\/historico\/wp-json\/wp\/v2\/posts"}],"about":[{"href":"https:\/\/plazajuarez.mx\/historico\/wp-json\/wp\/v2\/types\/post"}],"author":[{"embeddable":true,"href":"https:\/\/plazajuarez.mx\/historico\/wp-json\/wp\/v2\/users\/93"}],"replies":[{"embeddable":true,"href":"https:\/\/plazajuarez.mx\/historico\/wp-json\/wp\/v2\/comments?post=179955"}],"version-history":[{"count":0,"href":"https:\/\/plazajuarez.mx\/historico\/wp-json\/wp\/v2\/posts\/179955\/revisions"}],"wp:featuredmedia":[{"embeddable":true,"href":"https:\/\/plazajuarez.mx\/historico\/wp-json\/wp\/v2\/media\/179957"}],"wp:attachment":[{"href":"https:\/\/plazajuarez.mx\/historico\/wp-json\/wp\/v2\/media?parent=179955"}],"wp:term":[{"taxonomy":"category","embeddable":true,"href":"https:\/\/plazajuarez.mx\/historico\/wp-json\/wp\/v2\/categories?post=179955"},{"taxonomy":"post_tag","embeddable":true,"href":"https:\/\/plazajuarez.mx\/historico\/wp-json\/wp\/v2\/tags?post=179955"}],"curies":[{"name":"wp","href":"https:\/\/api.w.org\/{rel}","templated":true}]}}