{"id":179952,"date":"2021-09-01T08:33:47","date_gmt":"2021-09-01T13:33:47","guid":{"rendered":"https:\/\/plazajuarez.mx\/?p=179952"},"modified":"2021-09-01T08:33:58","modified_gmt":"2021-09-01T13:33:58","slug":"el-lunes-por-fin-se-logro-justicia-para-veronica-yareli","status":"publish","type":"post","link":"https:\/\/plazajuarez.mx\/historico\/el-lunes-por-fin-se-logro-justicia-para-veronica-yareli\/","title":{"rendered":"El lunes, por fin, se logr\u00f3 justicia para Ver\u00f3nica Yareli"},"content":{"rendered":"\n<p><\/p>\n\n\n\n<p><strong>Santiago de Anaya<\/strong>.- Por fin se logr\u00f3 justicia para Ver\u00f3nica Yareli \u201cN\u201d, tuvieron que pasar casi dos a\u00f1os, para que finalmente su asesina, Yeni \u201cN\u201d, recibiera la sentencia.<\/p>\n\n\n\n<p>Benigna Moctezuma Villa, t\u00eda de Ver\u00f3nica, explica, que, esperaban la pena m\u00e1xima (40 a\u00f1os) pero la jueza le dict\u00f3 30, aunque no conformes, sostiene que son suficientes.<\/p>\n\n\n\n<p>No quisieron apelar a la sentencia, porque podr\u00eda salir contraproducente, lo cual no quieren arriesgar y decidieron aceptar la decisi\u00f3n de la jueza.&nbsp;<\/p>\n\n\n\n<p>Ahora analizan el tema de la reparaci\u00f3n del da\u00f1o para sus dos menores hijos que quedaron hu\u00e9rfanos.&nbsp;<\/p>\n\n\n\n<p>Se dictaron 30 a\u00f1os y como ya lleva dos a\u00f1os en prisi\u00f3n, estar\u00e1 purgando 28 m\u00e1s.&nbsp;<\/p>\n\n\n\n<p>Lamentablemente, dijo, la hoy sentenciada siempre se mantuvo en silencio en las audiencias, y no acept\u00f3 dar informaci\u00f3n sobre algunas partes del cuerpo que no aparecieron de Ver\u00f3nica.&nbsp;<\/p>\n\n\n\n<p>Ver\u00f3nica Yareli fue asesinada en diciembre del 2019, y aunque la responsable fue detenida y se presentaron elementos de prueba, la aplicaci\u00f3n de la justicia fue un proceso largo, ya que se cruz\u00f3 el problema derivado de la pandemia en el 2019 y porque su defensa, gener\u00f3 las condiciones para aplazar la sentencia, denunci\u00f3 la t\u00eda.&nbsp;<\/p>\n","protected":false},"excerpt":{"rendered":"<p>Santiago de Anaya.- Por fin se logr\u00f3 justicia para Ver\u00f3nica Yareli \u201cN\u201d, tuvieron que pasar casi dos a\u00f1os, para que finalmente su asesina, Yeni \u201cN\u201d, recibiera la sentencia. Benigna Moctezuma Villa, t\u00eda de Ver\u00f3nica, explica, que, esperaban la pena m\u00e1xima (40 a\u00f1os) pero la jueza le dict\u00f3 30, aunque no conformes, sostiene que son suficientes. [&hellip;]<\/p>\n","protected":false},"author":75,"featured_media":179953,"comment_status":"closed","ping_status":"closed","sticky":false,"template":"","format":"standard","meta":{"footnotes":""},"categories":[2159,40],"tags":[],"class_list":["post-179952","post","type-post","status-publish","format-standard","has-post-thumbnail","hentry","category-noticias-de-hidalgo","category-region"],"_links":{"self":[{"href":"https:\/\/plazajuarez.mx\/historico\/wp-json\/wp\/v2\/posts\/179952","targetHints":{"allow":["GET"]}}],"collection":[{"href":"https:\/\/plazajuarez.mx\/historico\/wp-json\/wp\/v2\/posts"}],"about":[{"href":"https:\/\/plazajuarez.mx\/historico\/wp-json\/wp\/v2\/types\/post"}],"author":[{"embeddable":true,"href":"https:\/\/plazajuarez.mx\/historico\/wp-json\/wp\/v2\/users\/75"}],"replies":[{"embeddable":true,"href":"https:\/\/plazajuarez.mx\/historico\/wp-json\/wp\/v2\/comments?post=179952"}],"version-history":[{"count":0,"href":"https:\/\/plazajuarez.mx\/historico\/wp-json\/wp\/v2\/posts\/179952\/revisions"}],"wp:featuredmedia":[{"embeddable":true,"href":"https:\/\/plazajuarez.mx\/historico\/wp-json\/wp\/v2\/media\/179953"}],"wp:attachment":[{"href":"https:\/\/plazajuarez.mx\/historico\/wp-json\/wp\/v2\/media?parent=179952"}],"wp:term":[{"taxonomy":"category","embeddable":true,"href":"https:\/\/plazajuarez.mx\/historico\/wp-json\/wp\/v2\/categories?post=179952"},{"taxonomy":"post_tag","embeddable":true,"href":"https:\/\/plazajuarez.mx\/historico\/wp-json\/wp\/v2\/tags?post=179952"}],"curies":[{"name":"wp","href":"https:\/\/api.w.org\/{rel}","templated":true}]}}