{"id":1799,"date":"2015-03-06T06:00:00","date_gmt":"2015-03-06T06:00:00","guid":{"rendered":"http:\/\/plazajuarez.mx\/index\/index.php\/2015\/03\/06\/candidatos-priistas-de-hidalgo-rinden-protesta\/"},"modified":"2015-03-06T06:00:00","modified_gmt":"2015-03-06T06:00:00","slug":"candidatos-priistas-de-hidalgo-rinden-protesta","status":"publish","type":"post","link":"https:\/\/plazajuarez.mx\/historico\/candidatos-priistas-de-hidalgo-rinden-protesta\/","title":{"rendered":"Candidatos pri\u00edstas de  Hidalgo rinden protesta"},"content":{"rendered":"<p>ANTE CONSEJO POL\u00cdTICO NACIONAL<\/p>\n<p>  <!--more-->  <\/p>\n<p>Con el respaldo del primer priista Francisco Olvera Ruiz y del presidente del PRI en Hidalgo, Ricardo Crespo Arroyo, los candidatos a diputados federales, por el principio de Mayor\u00eda Relativa: Carolina Viggiano, por Huejutla; Guadalupe Ch\u00e1vez, por Ixmiquilpan; Pedro Luis Noble, por Actopan; Fernando Moctezuma, por Tula; Alfredo Bejos, por Pachuca; Gloria Hern\u00e1ndez, por Tepeapulco; as\u00ed como los aspirantes a una curul por el procedimiento de Representaci\u00f3n Proporcional, rindieron protesta ante el Consejo Pol\u00edtico Nacional, que preside C\u00e9sar Camacho Quiroz, dirigente nacional, y el secretario T\u00e9cnico, Joaqu\u00edn Hendricks D\u00edaz, durante la XXXII Sesi\u00f3n Extraordinaria en el auditorio \u201cPlutarco El\u00edas Calles\u201d del Comit\u00e9 Ejecutivo Nacional. Participaron 492 consejeros pol\u00edticos en el marco del 86 aniversario del PRI. Acto al que dio fe y legalidad el Notario P\u00fablico No. 241 del Distrito Federal, Sergio Rea Field.<\/p>\n","protected":false},"excerpt":{"rendered":"<p>ANTE CONSEJO POL\u00cdTICO NACIONAL<\/p>\n","protected":false},"author":93,"featured_media":0,"comment_status":"open","ping_status":"open","sticky":false,"template":"","format":"standard","meta":{"footnotes":""},"categories":[59],"tags":[],"class_list":["post-1799","post","type-post","status-publish","format-standard","hentry","category-general"],"_links":{"self":[{"href":"https:\/\/plazajuarez.mx\/historico\/wp-json\/wp\/v2\/posts\/1799","targetHints":{"allow":["GET"]}}],"collection":[{"href":"https:\/\/plazajuarez.mx\/historico\/wp-json\/wp\/v2\/posts"}],"about":[{"href":"https:\/\/plazajuarez.mx\/historico\/wp-json\/wp\/v2\/types\/post"}],"author":[{"embeddable":true,"href":"https:\/\/plazajuarez.mx\/historico\/wp-json\/wp\/v2\/users\/93"}],"replies":[{"embeddable":true,"href":"https:\/\/plazajuarez.mx\/historico\/wp-json\/wp\/v2\/comments?post=1799"}],"version-history":[{"count":0,"href":"https:\/\/plazajuarez.mx\/historico\/wp-json\/wp\/v2\/posts\/1799\/revisions"}],"wp:attachment":[{"href":"https:\/\/plazajuarez.mx\/historico\/wp-json\/wp\/v2\/media?parent=1799"}],"wp:term":[{"taxonomy":"category","embeddable":true,"href":"https:\/\/plazajuarez.mx\/historico\/wp-json\/wp\/v2\/categories?post=1799"},{"taxonomy":"post_tag","embeddable":true,"href":"https:\/\/plazajuarez.mx\/historico\/wp-json\/wp\/v2\/tags?post=1799"}],"curies":[{"name":"wp","href":"https:\/\/api.w.org\/{rel}","templated":true}]}}