{"id":179883,"date":"2021-08-31T15:18:12","date_gmt":"2021-08-31T20:18:12","guid":{"rendered":"https:\/\/plazajuarez.mx\/?p=179883"},"modified":"2021-08-31T15:18:24","modified_gmt":"2021-08-31T20:18:24","slug":"comienzan-trabajos-para-rehabilitar-linea-de-metro-accidentada-en-mexico","status":"publish","type":"post","link":"https:\/\/plazajuarez.mx\/historico\/comienzan-trabajos-para-rehabilitar-linea-de-metro-accidentada-en-mexico\/","title":{"rendered":"Comienzan trabajos para rehabilitar l\u00ednea de metro accidentada en M\u00e9xico"},"content":{"rendered":"\n<p>Los trabajos de rehabilitaci\u00f3n y reforzamiento de la l\u00ednea 12 del metro en Ciudad de M\u00e9xico comenzar\u00e1n esta semana tras el desplome de un tramo de este sistema de transporte que dej\u00f3 26 muertos y cientos de heridos, informaron este martes autoridades.<\/p>\n\n\n\n<p>En conferencia de prensa, la alcaldesa Claudia Sheinbaum se\u00f1al\u00f3 que en esta semana se iniciar\u00e1n diversos estudios del Comit\u00e9 T\u00e9cnico Asesor para la rehabilitaci\u00f3n de la l\u00ednea 12 del metro, con el objetivo de arrancar &#8220;lo m\u00e1s pronto posible&#8221; con estos trabajos.<\/p>\n\n\n\n<p>&#8220;Inician ya los trabajos del proyecto geom\u00e9trico y est\u00e1n las bases t\u00e9cnicas para el tramo elevado met\u00e1lico y la parte subterr\u00e1nea&#8221;, destac\u00f3 la funcionaria.<\/p>\n\n\n\n<p>Explic\u00f3 que los trabajos que inician en pr\u00f3ximos d\u00edas ser\u00e1n para rehabilitar ambos tramos y adelant\u00f3 que se llegar\u00e1 a acuerdos con todas las empresas que participaron en la construcci\u00f3n de esta l\u00ednea del metro.<\/p>\n\n\n\n<p>&#8220;Se van a firmar convenios con todas las empresas que participaron en la construcci\u00f3n de la l\u00ednea 12 con alcances espec\u00edficos, para que se hagan cargo de poner a punto la l\u00ednea 12 y su reforzamiento&#8221;, insisti\u00f3.<\/p>\n\n\n\n<p>Detall\u00f3 que las cuatro empresas que van participar en estos trabajos son Alstom, ICA, CAF y Carso.<\/p>\n\n\n\n<p>Adem\u00e1s, record\u00f3 que estos consorcios absorber\u00e1n todos los gastos, por lo que no tendr\u00e1 ning\u00fan costo para el Gobierno capitalino.<\/p>\n\n\n\n<p>Sobre el peritaje que realiza la firma noruega DNV del tramo colapsado, Sheinbaum afirm\u00f3 que se dar\u00e1n informes en su momento ya que eso corresponde a la empresa y a la Fiscal\u00eda General de la Rep\u00fablica (FGR).<\/p>\n\n\n\n<p>Jes\u00fas Antonio Esteva, secretario de Obras y Servicios de la Ciudad de M\u00e9xico, estim\u00f3 que la l\u00ednea 12 podr\u00eda estar nuevamente en funcionamiento en unos 12 meses.<\/p>\n\n\n\n<p>PRESENTAN RECOMENDACIONES<\/p>\n\n\n\n<p>Esteva se\u00f1al\u00f3 que, de acuerdo con las recomendaciones del Comit\u00e9 T\u00e9cnico Asesor (CTA), se deber\u00e1 reconstruir el tramo colapsado, es decir, el que est\u00e1 entre las estaciones Olivos y Tezonco.<\/p>\n\n\n\n<p>Sobre el tramo subterr\u00e1neo, se recomend\u00f3 atender las filtraciones, uniformizar el drenaje y adem\u00e1s atender el cambio de v\u00edas de siete curvas en dicho tramo.<\/p>\n\n\n\n<p>Aunado a ello, se debe sustituir el material base y cumplir con los procesos de mantenimiento.<\/p>\n\n\n\n<p>Adem\u00e1s, se\u00f1al\u00f3 que no se encontr\u00f3 evidencia de que el t\u00fanel de la l\u00ednea 12 est\u00e9 sujeto a riesgo de da\u00f1o o colapso estructural ni en el corto ni en el largo plazo.<\/p>\n\n\n\n<p>El pr\u00f3ximo viernes se cumplen tres meses del derrumbe de un tramo elevado de la l\u00ednea 12 del metro capitalino que dej\u00f3 26 muertos y un centenar de heridos.<\/p>\n\n\n\n<p>A principios de agosto, las autoridades aseguraron que ya hab\u00edan entregado indemnizaciones por 1,9 millones de pesos (unos 95.000 d\u00f3lares) a 24 familias de fallecidos.&nbsp;<\/p>\n","protected":false},"excerpt":{"rendered":"<p>Los trabajos de rehabilitaci\u00f3n y reforzamiento de la l\u00ednea 12 del metro en Ciudad de M\u00e9xico comenzar\u00e1n esta semana tras el desplome de un tramo de este sistema de transporte que dej\u00f3 26 muertos y cientos de heridos, informaron este martes autoridades. En conferencia de prensa, la alcaldesa Claudia Sheinbaum se\u00f1al\u00f3 que en esta semana [&hellip;]<\/p>\n","protected":false},"author":80,"featured_media":179884,"comment_status":"closed","ping_status":"closed","sticky":false,"template":"","format":"standard","meta":{"footnotes":""},"categories":[36],"tags":[],"class_list":["post-179883","post","type-post","status-publish","format-standard","has-post-thumbnail","hentry","category-nacion"],"_links":{"self":[{"href":"https:\/\/plazajuarez.mx\/historico\/wp-json\/wp\/v2\/posts\/179883","targetHints":{"allow":["GET"]}}],"collection":[{"href":"https:\/\/plazajuarez.mx\/historico\/wp-json\/wp\/v2\/posts"}],"about":[{"href":"https:\/\/plazajuarez.mx\/historico\/wp-json\/wp\/v2\/types\/post"}],"author":[{"embeddable":true,"href":"https:\/\/plazajuarez.mx\/historico\/wp-json\/wp\/v2\/users\/80"}],"replies":[{"embeddable":true,"href":"https:\/\/plazajuarez.mx\/historico\/wp-json\/wp\/v2\/comments?post=179883"}],"version-history":[{"count":0,"href":"https:\/\/plazajuarez.mx\/historico\/wp-json\/wp\/v2\/posts\/179883\/revisions"}],"wp:featuredmedia":[{"embeddable":true,"href":"https:\/\/plazajuarez.mx\/historico\/wp-json\/wp\/v2\/media\/179884"}],"wp:attachment":[{"href":"https:\/\/plazajuarez.mx\/historico\/wp-json\/wp\/v2\/media?parent=179883"}],"wp:term":[{"taxonomy":"category","embeddable":true,"href":"https:\/\/plazajuarez.mx\/historico\/wp-json\/wp\/v2\/categories?post=179883"},{"taxonomy":"post_tag","embeddable":true,"href":"https:\/\/plazajuarez.mx\/historico\/wp-json\/wp\/v2\/tags?post=179883"}],"curies":[{"name":"wp","href":"https:\/\/api.w.org\/{rel}","templated":true}]}}