{"id":17953,"date":"2016-03-03T13:25:40","date_gmt":"2016-03-03T13:25:40","guid":{"rendered":"http:\/\/plazajuarez.mx\/index\/index.php\/2016\/03\/03\/laguna-de-voces-125\/"},"modified":"2016-03-03T13:25:40","modified_gmt":"2016-03-03T13:25:40","slug":"laguna-de-voces-125","status":"publish","type":"post","link":"https:\/\/plazajuarez.mx\/historico\/laguna-de-voces-125\/","title":{"rendered":"LAGUNA DE VOCES"},"content":{"rendered":"<p>* Marzo y vivir la vida no tan en serio<\/p>\n<p>  <!--more-->  <\/p>\n<p>\u00a0<\/p>\n<p>Marzo ser\u00e1 casi igual que febrero, es decir sin palabra de honor en cuanto al clima, aunque con la esperanza de que en sus \u00faltimos d\u00edas llegue el calor a barrer con todos los temores y miedos. Ser\u00e1n entonces otras las alarmas que se tengan que prender, porque en t\u00e9rminos reales no hay \u00e9poca del a\u00f1o que lleve en sus entra\u00f1as el cien por ciento de bendiciones y bondades.<\/p>\n<p>\u00a0\u00a0\u00a0\u00a0\u00a0\u00a0\u00a0\u00a0\u00a0\u00a0\u00a0 As\u00ed que el tema que viene ser\u00e1 el de los calorones, la desesperaci\u00f3n para los que tienen que manejar en estos caminos del Tuzob\u00fas, y de pronto el rito de empezar a extra\u00f1ar lo que apenas unos d\u00edas antes maldec\u00edamos, es decir los friazos que a m\u00e1s de uno dejaron con la sonrisa de oreja a oreja.<\/p>\n<p>\u00a0\u00a0\u00a0\u00a0\u00a0\u00a0\u00a0\u00a0\u00a0\u00a0\u00a0 A partir de la primavera se reconstruye, sin embargo, el \u00e1nimo de la gente, de todos nosotros, porque los d\u00edas son eso, d\u00edas y no l\u00fagubres sombras por los nubarrones. Y con los rayos del sol se empieza a pensar en la playa, el mar, la vocaci\u00f3n constante por el descanso y dejar que pase la vida simplemente.<\/p>\n<p>\u00a0\u00a0\u00a0\u00a0\u00a0\u00a0\u00a0\u00a0\u00a0\u00a0\u00a0 No hay nada como las poblaciones con un calor endemoniado para olvidar cualquier responsabilidad. Desde hace mucho que dejaron de tomarse la existencia tan en serio como los que habitan tierras heladas como Pachuca. Hasta en car\u00e1cter son polos opuestos: unos con la risa a flor de labio y la vocaci\u00f3n de ser hospitalarios. Otros con el gesto siempre duro en la cara y el ser hura\u00f1os a toda costa.<\/p>\n<p>\u00a0\u00a0\u00a0\u00a0\u00a0\u00a0\u00a0\u00a0\u00a0\u00a0\u00a0 Antes ni en primavera hac\u00eda calor en La Bella Airosa.<\/p>\n<p>\u00a0\u00a0\u00a0\u00a0\u00a0\u00a0\u00a0\u00a0\u00a0\u00a0\u00a0 El aire se encargaba de amargar las pocas semanas que se supon\u00eda dejar\u00edamos chamarras, bufandas y gorros en la casa. Cortaba, y la figura no es ninguna novedad, como cuchillo. Asomarse a la Plaza Independencia era asunto de verdaderos h\u00e9roes, amantes del Centro Hist\u00f3rico.<\/p>\n<p>\u00a0\u00a0\u00a0\u00a0\u00a0\u00a0\u00a0\u00a0\u00a0\u00a0\u00a0 Es la imagen del pachuque\u00f1o en d\u00edas de fr\u00edo: camisa de manga corta, sin su\u00e9ter, mucho menos guantes, y como si anduviera en la playa. El miedo al congelador no existe entre los tuzos de nacimiento.<\/p>\n<p>\u00a0\u00a0\u00a0\u00a0\u00a0\u00a0\u00a0\u00a0\u00a0\u00a0\u00a0 Pero ahora todo ha cambiado.<\/p>\n<p>\u00a0\u00a0\u00a0\u00a0\u00a0\u00a0\u00a0\u00a0\u00a0\u00a0\u00a0 El fr\u00edo es insoportable, y el miedo a contraer una gripe con tintes de influenza, ha dejado guardados para siempre a los de camisa corta y sin nada para taparse.<\/p>\n<p>\u00a0\u00a0\u00a0\u00a0\u00a0\u00a0\u00a0\u00a0\u00a0\u00a0\u00a0 Vendr\u00e1 entonces un calor tipo Huejutla.<\/p>\n<p>\u00a0\u00a0\u00a0\u00a0\u00a0\u00a0\u00a0\u00a0\u00a0\u00a0\u00a0 Luego entonces cambiaremos y seremos m\u00e1s afables, menos preocupones, menos hura\u00f1os. Pachuca se transformar\u00e1 por los meses que dure el buen tiempo.<\/p>\n<p>\u00a0\u00a0\u00a0\u00a0\u00a0\u00a0\u00a0\u00a0\u00a0\u00a0\u00a0 Son tal vez los d\u00edas en que de pronto, todos empezamos a pensar que despu\u00e9s de todo no vale la pena tomarnos tan en serio. No, no es asunto de ser irresponsables, aunque un poco no cae mal de vez en cuando. Es asunto de empezar a creer que la vida se disfruta m\u00e1s sin la seriedad que traen los fr\u00edos.<\/p>\n<p>\u00a0\u00a0\u00a0\u00a0\u00a0\u00a0\u00a0\u00a0\u00a0\u00a0\u00a0 Es de pronto mirar con calma el paso del tiempo.<\/p>\n<p>\u00a0\u00a0\u00a0\u00a0\u00a0\u00a0\u00a0\u00a0\u00a0\u00a0\u00a0 No hay ciudades que cuiden tanto el paso de los minutos como Pachuca, tanto que el monumento m\u00e1s importante que se tiene es un Reloj Monumental.<\/p>\n<p>\u00a0\u00a0\u00a0\u00a0\u00a0\u00a0\u00a0\u00a0\u00a0\u00a0\u00a0 Pero cuando llega el calor, hasta las manecillas se pierden en la Plaza Independencia, se esconden, se guardan, dejan que m\u00e1s all\u00e1 de contarlas, se disfruten las horas.<\/p>\n<p>\u00a0\u00a0\u00a0\u00a0\u00a0\u00a0\u00a0\u00a0\u00a0\u00a0\u00a0 La llegada del calor es por eso tan esperada.<\/p>\n<p>\u00a0\u00a0\u00a0\u00a0\u00a0\u00a0\u00a0\u00a0\u00a0\u00a0\u00a0 Ahora porque indicar\u00e1 que ya nos salvamos, al menos por esta ocasi\u00f3n, de las influenzas y otras gripes que ni su nombre conocemos, vaya pues que podemos enfilarnos sin temor, a pensar que cargaremos los peregrinos en diciembre.<\/p>\n<p>\u00a0\u00a0\u00a0\u00a0\u00a0\u00a0\u00a0\u00a0\u00a0\u00a0\u00a0 Y empezar\u00e1 de nuevo la misma historia.<\/p>\n<p>\u00a0\u00a0\u00a0\u00a0\u00a0\u00a0\u00a0\u00a0\u00a0\u00a0\u00a0 Pero el asunto es que la primavera se asoma a la vuelta de la esquina.<\/p>\n<p>\u00a0\u00a0\u00a0\u00a0\u00a0\u00a0\u00a0\u00a0\u00a0\u00a0\u00a0 Y por un momento se ir\u00e1 el fr\u00edo.<\/p>\n<p>\u00a0\u00a0\u00a0\u00a0\u00a0\u00a0\u00a0\u00a0\u00a0\u00a0\u00a0 Aunque qui\u00e9n sabe. En \u00faltimas fechas ning\u00fan mes tiene palabra.<\/p>\n<p>\u00a0<\/p>\n<p>Mil gracias, hasta ma\u00f1ana.<\/p>\n<p>\u00a0<\/p>\n<p><a href=\"mailto:peraltajav@gmail.com\">peraltajav@gmail.com<\/a><\/p>\n<p>twitter: @JavierEPeralta<\/p>\n<p>\u00a0<\/p>\n<p>CITA:<\/p>\n<p><em>A partir de la primavera se reconstruye, sin embargo, el \u00e1nimo de la gente, de todos nosotros, porque los d\u00edas son eso, d\u00edas y no l\u00fagubres sombras por los nubarrones. Y con los rayos del sol se empieza a pensar en la playa, el mar, la vocaci\u00f3n constante por el descanso y dejar que pase la vida simplemente.<\/em><\/p>\n<p>\u00a0<\/p>\n","protected":false},"excerpt":{"rendered":"<p>* Marzo y vivir la vida no tan en serio<\/p>\n","protected":false},"author":93,"featured_media":0,"comment_status":"open","ping_status":"open","sticky":false,"template":"","format":"standard","meta":{"footnotes":""},"categories":[49],"tags":[],"class_list":["post-17953","post","type-post","status-publish","format-standard","hentry","category-javier-peralta"],"_links":{"self":[{"href":"https:\/\/plazajuarez.mx\/historico\/wp-json\/wp\/v2\/posts\/17953","targetHints":{"allow":["GET"]}}],"collection":[{"href":"https:\/\/plazajuarez.mx\/historico\/wp-json\/wp\/v2\/posts"}],"about":[{"href":"https:\/\/plazajuarez.mx\/historico\/wp-json\/wp\/v2\/types\/post"}],"author":[{"embeddable":true,"href":"https:\/\/plazajuarez.mx\/historico\/wp-json\/wp\/v2\/users\/93"}],"replies":[{"embeddable":true,"href":"https:\/\/plazajuarez.mx\/historico\/wp-json\/wp\/v2\/comments?post=17953"}],"version-history":[{"count":0,"href":"https:\/\/plazajuarez.mx\/historico\/wp-json\/wp\/v2\/posts\/17953\/revisions"}],"wp:attachment":[{"href":"https:\/\/plazajuarez.mx\/historico\/wp-json\/wp\/v2\/media?parent=17953"}],"wp:term":[{"taxonomy":"category","embeddable":true,"href":"https:\/\/plazajuarez.mx\/historico\/wp-json\/wp\/v2\/categories?post=17953"},{"taxonomy":"post_tag","embeddable":true,"href":"https:\/\/plazajuarez.mx\/historico\/wp-json\/wp\/v2\/tags?post=17953"}],"curies":[{"name":"wp","href":"https:\/\/api.w.org\/{rel}","templated":true}]}}