{"id":17951,"date":"2016-03-03T13:25:38","date_gmt":"2016-03-03T13:25:38","guid":{"rendered":"http:\/\/plazajuarez.mx\/index\/index.php\/2016\/03\/03\/liberar-secuestradores-la-ley-contra-la-justicia\/"},"modified":"2016-03-03T13:25:38","modified_gmt":"2016-03-03T13:25:38","slug":"liberar-secuestradores-la-ley-contra-la-justicia","status":"publish","type":"post","link":"https:\/\/plazajuarez.mx\/historico\/liberar-secuestradores-la-ley-contra-la-justicia\/","title":{"rendered":"Liberar secuestradores: \u00bfla ley contra la justicia?"},"content":{"rendered":"<p>La indolencia de muchos jueces vuelve a sangrar la herida de las v\u00edctimas y, peor a\u00fan, pone de nuevo en las calles a los criminales.<\/p>\n<p>  <!--more-->  <\/p>\n<p>El pasado 8 de febrero, el juez segundo penal en Monterrey liber\u00f3 a uno de los cuatro acusados de secuestrar y asesinar al joven empresario Dami\u00e1n Gonz\u00e1lez del R\u00edo, quien fue victimado en agosto de 2012, y exoner\u00f3 a los tres restantes; quienes permanecen en prisi\u00f3n por otros hechos delictivos. <br \/>Importa destacar que dichos individuos fueron sentenciados en dos ocasiones, durante 2013 y 2015, alcanzando condenas de entre 70 y 90 a\u00f1os, despu\u00e9s de admitir ante la autoridad su responsabilidad en el secuestro y asesinato. <br \/>El que fue liberado, como producto del veredicto del juez Raymundo Mart\u00ednez Gonz\u00e1lez, es el autor intelectual del secuestro, quien guardaba una relaci\u00f3n laboral con la v\u00edctima y que en un acto de venganza se coludi\u00f3 con los otros tres delincuentes, quienes ya contaban con antecedentes penales y son integrantes del c\u00e1rtel de \u201cLos Zetas\u201d, para perpetrar tan abominable crimen, a pesar de que la familia de Dami\u00e1n pag\u00f3 hasta en tres ocasiones por su rescate. <br \/>Indigna que quienes admitieron su responsabilidad ante el Ministerio P\u00fablico y que act\u00faan con felon\u00eda, sean exonerados y liberados, apelando a argumentos tramposos que permiten a los jueces y procuradur\u00edas evadir el peso de la responsabilidad de impartir justicia de manera pronta y expedita, desprotegiendo los derechos de las v\u00edctimas. <br \/>De acuerdo a experiencias internacionales, esta decisi\u00f3n del juez resulta una verdadera aberraci\u00f3n: \u201cla decisi\u00f3n de excluir una prueba incide no s\u00f3lo en el respeto a las garant\u00edas de imparcialidad, debido proceso y derecho de defensa, sino, adem\u00e1s, en el goce efectivo de otros derechos constitucionales. <br \/>El juez, pues, viol\u00f3 la teor\u00eda de la prueba, porque exacerb\u00f3 la exclusi\u00f3n de la misma, innecesariamente, y desech\u00f3 pruebas indubitables, como es el caso del reconocimiento de voz. Los formalismos jur\u00eddicos, est\u00e1n generando ceguera en la justicia. <br \/>La indolencia con la que operan muchos jueces vuelve a sangrar la herida de las v\u00edctimas y, peor a\u00fan, pone de nuevo en las calles a quienes han lastimado tanto a los ciudadanos. <br \/>Esto nos recuerda que es fundamental y urgente, la implementaci\u00f3n completa y adecuada del Nuevo Sistema de Justicia Penal, el cual no debe permitir de ninguna forma la impunidad. La apuesta y la inversi\u00f3n realizada desde 2008 es extraordinaria, es por eso que mantenemos la esperanza de que este nuevo sistema debe funcionar con efectividad para dar respuesta a una de las demandas sociales m\u00e1s sentidas, justicia, priorizando los derechos humanos de la v\u00edctima u ofendido. <br \/>Pero en especial es ineludible que pase algo con los jueces que utilizan la ley a modo, sin considerar el contexto, las pruebas del caso y la repercusi\u00f3n de sus sentencias. El juez debe ser consciente que tiene responsabilidad social y que en sus manos est\u00e1 hacer justicia. <br \/>As\u00ed como no tiene sentido una ley que no haga justicia, tampoco es concebible una justicia sin ley. De lo que se trata es que los operadores del sistema jur\u00eddico en su conjunto, es decir, polic\u00edas, fiscales, defensores y jueces, sean capaces de generar las condiciones para que las resoluciones hagan justicia al aplicar la ley. <br \/>La corrupci\u00f3n no nace sola, surge y se alimenta de la indiferencia, de la indolencia y de la impunidad rampante que ante hechos tan graves como la liberaci\u00f3n de este secuestrador, prevalecen para este juez. \u00bfQu\u00e9 hacen las instituciones ante realidades tan dolorosas como \u00e9sta? El silencio priva y la impunidad y la corrupci\u00f3n hacen fiesta. <br \/>Hace 5 a\u00f1os, durante los Di\u00e1logos por la Paz que se realizaron en el Castillo de Chapultepec, en presencia del entonces presidente Felipe Calder\u00f3n, dije las siguientes palabras: \u201cPara las v\u00edctimas, directas e indirectas del secuestro, nos urge presenciar la entrada de los secuestradores sentenciados, y con todo respeto y en silencio, hacer una valla a lo largo del camino para su reclusi\u00f3n. Mostraremos a todos aquellos que pretendan dedicarse a tan cobarde delito, que en M\u00e9xico se hace justicia y que en M\u00e9xico vamos en camino a derrotar la corrupci\u00f3n y la impunidad\u201d. <br \/>Con el prop\u00f3sito de honrar mi palabra, demando, exijo justicia para Dami\u00e1n Gonz\u00e1lez del R\u00edo y sus familiares. \u00a0\u00a0 \u00a0\u00a0\u00a0 \u00a0<\/p>\n","protected":false},"excerpt":{"rendered":"<p>La indolencia de muchos jueces vuelve a sangrar la herida de las v\u00edctimas y, peor a\u00fan, pone de nuevo en las calles a los criminales.<\/p>\n","protected":false},"author":93,"featured_media":0,"comment_status":"open","ping_status":"open","sticky":false,"template":"","format":"standard","meta":{"footnotes":""},"categories":[42],"tags":[],"class_list":["post-17951","post","type-post","status-publish","format-standard","hentry","category-nuestrapalabra"],"_links":{"self":[{"href":"https:\/\/plazajuarez.mx\/historico\/wp-json\/wp\/v2\/posts\/17951","targetHints":{"allow":["GET"]}}],"collection":[{"href":"https:\/\/plazajuarez.mx\/historico\/wp-json\/wp\/v2\/posts"}],"about":[{"href":"https:\/\/plazajuarez.mx\/historico\/wp-json\/wp\/v2\/types\/post"}],"author":[{"embeddable":true,"href":"https:\/\/plazajuarez.mx\/historico\/wp-json\/wp\/v2\/users\/93"}],"replies":[{"embeddable":true,"href":"https:\/\/plazajuarez.mx\/historico\/wp-json\/wp\/v2\/comments?post=17951"}],"version-history":[{"count":0,"href":"https:\/\/plazajuarez.mx\/historico\/wp-json\/wp\/v2\/posts\/17951\/revisions"}],"wp:attachment":[{"href":"https:\/\/plazajuarez.mx\/historico\/wp-json\/wp\/v2\/media?parent=17951"}],"wp:term":[{"taxonomy":"category","embeddable":true,"href":"https:\/\/plazajuarez.mx\/historico\/wp-json\/wp\/v2\/categories?post=17951"},{"taxonomy":"post_tag","embeddable":true,"href":"https:\/\/plazajuarez.mx\/historico\/wp-json\/wp\/v2\/tags?post=17951"}],"curies":[{"name":"wp","href":"https:\/\/api.w.org\/{rel}","templated":true}]}}