{"id":17950,"date":"2016-03-03T13:25:12","date_gmt":"2016-03-03T13:25:12","guid":{"rendered":"http:\/\/plazajuarez.mx\/index\/index.php\/2016\/03\/03\/dicen-bye-al-consul-bello\/"},"modified":"2016-03-03T13:25:12","modified_gmt":"2016-03-03T13:25:12","slug":"dicen-bye-al-consul-bello","status":"publish","type":"post","link":"https:\/\/plazajuarez.mx\/historico\/dicen-bye-al-consul-bello\/","title":{"rendered":"Dicen bye al c\u00f3nsul Bello"},"content":{"rendered":"<p>Bajo Reserva Expr\u00e9s\u00a0\u00a0 \u00a0\u00a0<\/p>\n<p>  <!--more-->  <\/p>\n<p>Los recientes cambios en las embajadas y consulados de M\u00e9xico en el exterior no tocaron al c\u00f3nsul en Denver, Carlos Bello Roch, actualmente bajo investigaci\u00f3n por la promoci\u00f3n de una organizaci\u00f3n \u201cno lucrativa\u201d y supuestamente ser intermediario para negocios familiares, bajo el paraguas de la representaci\u00f3n consular. <br \/>Nos explican que su permanencia en el cargo se debe a que la Secretar\u00eda de la Funci\u00f3n P\u00fablica ha iniciado una investigaci\u00f3n por pr\u00e1cticas irregulares, que no permite la remoci\u00f3n de don Carlos hasta la conclusi\u00f3n de proceso, con el objetivo de fincar responsabilidades. <br \/>Sin embargo, la canciller Claudia Ruiz Massieu ha decidido enviar un c\u00f3nsul auxiliar a Denver, quien estar\u00e1 al frente y se encargar\u00e1 de participar en la reestructuraci\u00f3n de la red consular mexicana en Estados Unidos, un proyecto que busca el relanzamiento de las relaciones bilaterales, nos dicen. <br \/>En pocas palabras, le est\u00e1n diciendo \u201cbye\u201d al c\u00f3nsul Bello Roch. \u00a0\u00a0 \u00a0\u00a0\u00a0 \u00a0<\/p>\n","protected":false},"excerpt":{"rendered":"<p>Bajo Reserva Expr\u00e9s\u00a0\u00a0 \u00a0\u00a0<\/p>\n","protected":false},"author":93,"featured_media":0,"comment_status":"open","ping_status":"open","sticky":false,"template":"","format":"standard","meta":{"footnotes":""},"categories":[42],"tags":[],"class_list":["post-17950","post","type-post","status-publish","format-standard","hentry","category-nuestrapalabra"],"_links":{"self":[{"href":"https:\/\/plazajuarez.mx\/historico\/wp-json\/wp\/v2\/posts\/17950","targetHints":{"allow":["GET"]}}],"collection":[{"href":"https:\/\/plazajuarez.mx\/historico\/wp-json\/wp\/v2\/posts"}],"about":[{"href":"https:\/\/plazajuarez.mx\/historico\/wp-json\/wp\/v2\/types\/post"}],"author":[{"embeddable":true,"href":"https:\/\/plazajuarez.mx\/historico\/wp-json\/wp\/v2\/users\/93"}],"replies":[{"embeddable":true,"href":"https:\/\/plazajuarez.mx\/historico\/wp-json\/wp\/v2\/comments?post=17950"}],"version-history":[{"count":0,"href":"https:\/\/plazajuarez.mx\/historico\/wp-json\/wp\/v2\/posts\/17950\/revisions"}],"wp:attachment":[{"href":"https:\/\/plazajuarez.mx\/historico\/wp-json\/wp\/v2\/media?parent=17950"}],"wp:term":[{"taxonomy":"category","embeddable":true,"href":"https:\/\/plazajuarez.mx\/historico\/wp-json\/wp\/v2\/categories?post=17950"},{"taxonomy":"post_tag","embeddable":true,"href":"https:\/\/plazajuarez.mx\/historico\/wp-json\/wp\/v2\/tags?post=17950"}],"curies":[{"name":"wp","href":"https:\/\/api.w.org\/{rel}","templated":true}]}}