{"id":17949,"date":"2016-03-03T13:24:49","date_gmt":"2016-03-03T13:24:49","guid":{"rendered":"http:\/\/plazajuarez.mx\/index\/index.php\/2016\/03\/03\/dese-por-enterado-163\/"},"modified":"2020-04-14T19:09:11","modified_gmt":"2020-04-14T19:09:11","slug":"dese-por-enterado-163","status":"publish","type":"post","link":"https:\/\/plazajuarez.mx\/historico\/dese-por-enterado-163\/","title":{"rendered":"DESE POR ENTERADO"},"content":{"rendered":"<p><strong>DAVID HERN\u00c1NDEZ MADRID,<\/strong><\/p>\n<p><strong>POSIBLE COORDINADOR DE CAMPA\u00d1A<\/strong><\/p>\n<p>  <!--more-->  <\/p>\n<p>\u00a0<\/p>\n<p>\u00a0<\/p>\n<p>Los nombramientos realizados al interior del Comit\u00e9 Directivo Estatal del PRI, entre los que destaca el de David Hern\u00e1ndez Madrid a la Secretar\u00eda de Organizaci\u00f3n, hacen m\u00e1s que viable la posibilidad de que, a la postre, sea el encargado de coordinar la campa\u00f1a del candidato a gobernador, Omar Fayad Meneses. Hern\u00e1ndez Madrid no es ning\u00fan desconocido, y para nadie puede pasar desapercibida su amistad con el Secretario de Gobernaci\u00f3n, Miguel \u00c1ngel Osorio Chong. De tal modo que en este reacomodo de piezas, ser\u00e1 necesario seguir muy de cerca el trabajo a desempe\u00f1ar por David Hern\u00e1ndez. An\u00f3telo como muy posible coordinador de la campa\u00f1a de Fayad Meneses.<\/p>\n<p>\u00a0<\/p>\n<p>\u00a0\u00a0\u00a0\u00a0\u00a0\u00a0\u00a0\u00a0\u00a0\u00a0\u00a0\u00a0\u00a0\u00a0\u00a0\u00a0\u00a0\u00a0\u00a0\u00a0\u00a0\u00a0\u00a0\u00a0\u00a0\u00a0\u00a0\u00a0\u00a0\u00a0\u00a0\u00a0\u00a0\u00a0\u00a0\u00a0\u00a0\u00a0\u00a0\u00a0\u00a0\u00a0\u00a0\u00a0\u00a0\u00a0\u00a0\u00a0\u00a0\u00a0\u00a0\u00a0\u00a0\u00a0\u00a0\u00a0\u00a0\u00a0 ***<\/p>\n<p>\u00a0<\/p>\n<p><strong>TODOS AL \u00c1NGEL DE LA INDEPENDENCIA<\/strong><\/p>\n<p><strong>EN APOYO AL DIVINO CHARREZ<\/strong><\/p>\n<p>\u00a0<\/p>\n<p>Pues como ahora resulta que para festejar cualquier locura que se les venga a la cabeza, los chilangos toman camino y enfilan rumbo al \u00c1ngel de la Independencia, su servidor hace un llamado a todos los libres de mente, aunque dependientes de un patr\u00f3n, a realizar un megamarcha que partir\u00e1 de la Plaza de Toros de Pachuca, rumbo al ilustre \u00e1ngel de Paseo de la Reforma en Ciudad de M\u00e9xico, para hacer p\u00fablico nuestro apoyo al Divino Cipriano Charrez, que hoy mismo protagoniza una feroz lucha contra aquellos que se oponen a que con su suprema inteligencia, eduque a la futura legislatura local de Hidalgo. \u201cTodos somos El Divino\u201d, ser\u00e1 el movimiento que muy pronto llegar\u00e1 allende las fronteras, y en una de esas el t\u00edo del Divino, es decir Donald Trump, le brinda su apoyo.<\/p>\n<p>\u00a0<\/p>\n<p>\u00a0\u00a0\u00a0\u00a0\u00a0\u00a0\u00a0\u00a0\u00a0\u00a0\u00a0\u00a0\u00a0\u00a0\u00a0\u00a0\u00a0\u00a0\u00a0\u00a0\u00a0\u00a0\u00a0\u00a0\u00a0\u00a0\u00a0\u00a0\u00a0\u00a0\u00a0\u00a0\u00a0\u00a0\u00a0\u00a0\u00a0\u00a0\u00a0\u00a0\u00a0\u00a0\u00a0\u00a0\u00a0\u00a0\u00a0\u00a0\u00a0\u00a0\u00a0\u00a0\u00a0\u00a0\u00a0\u00a0\u00a0\u00a0 ***<\/p>\n<p>\u00a0<\/p>\n<p><strong>GITANESCO EVENTO DE CALAVERA<\/strong><\/p>\n<p><strong>CANARIO EN PACHUCA<\/strong><\/p>\n<p>\u00a0<\/p>\n<p>Ram\u00f3n y Chema Gil, son los fundadores de la Asociaci\u00f3n Civil Calavera-Canario, que este viernes, s\u00e1bado y domingo, har\u00e1n su presentaci\u00f3n ante toda la ciudadan\u00eda del estado, con el Festival del Viento, \u00fanico en su g\u00e9nero por la calidad de los artistas que habr\u00e1n de presentar, entre los que se cuenta al argentino Fito P\u00e1ez. Estamos ante el surgimiento de un nuevo concepto en la difusi\u00f3n cultural que podr\u00eda dejar en el pasado una profunda pugna de intelectuales y seudo intelectuales, que tanto da\u00f1o han hecho a la verdadera difusi\u00f3n de la cultura en Hidalgo. Por muchas razones esperamos que les vaya bien. Apuestan, y mucho, a este magno festival.<\/p>\n<p>\u00a0<\/p>\n<p>\u00a0\u00a0\u00a0\u00a0\u00a0\u00a0\u00a0\u00a0\u00a0\u00a0\u00a0\u00a0\u00a0\u00a0\u00a0\u00a0\u00a0\u00a0\u00a0\u00a0\u00a0\u00a0\u00a0\u00a0\u00a0\u00a0\u00a0\u00a0\u00a0\u00a0\u00a0\u00a0\u00a0\u00a0\u00a0\u00a0\u00a0\u00a0\u00a0\u00a0\u00a0\u00a0\u00a0\u00a0\u00a0\u00a0\u00a0\u00a0\u00a0\u00a0\u00a0\u00a0\u00a0\u00a0\u00a0\u00a0\u00a0\u00a0 ***<\/p>\n<p>\u00a0<\/p>\n<p><strong>CASI LISTA LA CANDIDATURA<\/strong><\/p>\n<p><strong>TRICOLOR POR PACHUCA<\/strong><\/p>\n<p>\u00a0<\/p>\n<p>Le pido que me crea, que luego de profundo an\u00e1lisis que incluyeron encuestas realizadas por empresas dignas de cr\u00e9dito, el Revolucionario Institucional ya decidi\u00f3 qui\u00e9n ser\u00e1 candidat@ a la presidencia municipal de Pachuca. Quedaron a una nariz de lograr la victoria, personajes que quisieron madrugar a trav\u00e9s de toda una campa\u00f1a en redes sociales. Pero no, por ah\u00ed no era el camino y ya est\u00e1n fuera. Esos no van a ser. Entonces va a ser quien fue prudente y simplemente aplic\u00f3 el sentido com\u00fan. As\u00ed que ya lo saben.<\/p>\n<p>\u00a0<\/p>\n<p>\u00a0\u00a0\u00a0\u00a0\u00a0\u00a0\u00a0\u00a0\u00a0\u00a0\u00a0\u00a0\u00a0\u00a0\u00a0\u00a0\u00a0\u00a0\u00a0\u00a0\u00a0\u00a0\u00a0\u00a0\u00a0\u00a0\u00a0\u00a0\u00a0\u00a0\u00a0\u00a0\u00a0\u00a0\u00a0\u00a0\u00a0\u00a0\u00a0\u00a0\u00a0\u00a0\u00a0\u00a0\u00a0\u00a0\u00a0\u00a0\u00a0\u00a0\u00a0\u00a0\u00a0\u00a0\u00a0\u00a0\u00a0\u00a0 ***<\/p>\n<p>\u00a0<\/p>\n<p>DUDAS Y COMENTARIOS:<\/p>\n<p><a href=\"mailto:desexenterado@gmail.com\">desexenterado@gmail.com<\/a><\/p>\n<p>twitter: @desexenterado<\/p>\n<p>\u00a0<\/p>\n","protected":false},"excerpt":{"rendered":"<p>DAVID HERN\u00c1NDEZ MADRID, POSIBLE COORDINADOR DE CAMPA\u00d1A<\/p>\n","protected":false},"author":93,"featured_media":0,"comment_status":"open","ping_status":"open","sticky":false,"template":"","format":"standard","meta":{"footnotes":""},"categories":[83,42],"tags":[],"class_list":["post-17949","post","type-post","status-publish","format-standard","hentry","category-dese-por-enterado","category-nuestrapalabra"],"_links":{"self":[{"href":"https:\/\/plazajuarez.mx\/historico\/wp-json\/wp\/v2\/posts\/17949","targetHints":{"allow":["GET"]}}],"collection":[{"href":"https:\/\/plazajuarez.mx\/historico\/wp-json\/wp\/v2\/posts"}],"about":[{"href":"https:\/\/plazajuarez.mx\/historico\/wp-json\/wp\/v2\/types\/post"}],"author":[{"embeddable":true,"href":"https:\/\/plazajuarez.mx\/historico\/wp-json\/wp\/v2\/users\/93"}],"replies":[{"embeddable":true,"href":"https:\/\/plazajuarez.mx\/historico\/wp-json\/wp\/v2\/comments?post=17949"}],"version-history":[{"count":0,"href":"https:\/\/plazajuarez.mx\/historico\/wp-json\/wp\/v2\/posts\/17949\/revisions"}],"wp:attachment":[{"href":"https:\/\/plazajuarez.mx\/historico\/wp-json\/wp\/v2\/media?parent=17949"}],"wp:term":[{"taxonomy":"category","embeddable":true,"href":"https:\/\/plazajuarez.mx\/historico\/wp-json\/wp\/v2\/categories?post=17949"},{"taxonomy":"post_tag","embeddable":true,"href":"https:\/\/plazajuarez.mx\/historico\/wp-json\/wp\/v2\/tags?post=17949"}],"curies":[{"name":"wp","href":"https:\/\/api.w.org\/{rel}","templated":true}]}}