{"id":17947,"date":"2016-03-03T13:22:10","date_gmt":"2016-03-03T13:22:10","guid":{"rendered":"http:\/\/plazajuarez.mx\/index\/index.php\/2016\/03\/03\/y-que-tal-si-gana-trump\/"},"modified":"2016-03-03T13:22:10","modified_gmt":"2016-03-03T13:22:10","slug":"y-que-tal-si-gana-trump","status":"publish","type":"post","link":"https:\/\/plazajuarez.mx\/historico\/y-que-tal-si-gana-trump\/","title":{"rendered":"\u00bfY qu\u00e9 tal si gana Trump?"},"content":{"rendered":"<p>Despu\u00e9s de los Oscar, hace un a\u00f1o, Trump arremeti\u00f3: \u201cLos Oscar fueron una gran noche para M\u00e9xico y como no, si est\u00e1n robando a Estados Unidos m\u00e1s que cualquier otra naci\u00f3n\u201d. Eso le dio la idea de construir un muro que efectivamente separe a los dos pa\u00edses y decir que la edificaci\u00f3n la pagar\u00eda M\u00e9xico.<\/p>\n<p>  <!--more-->  <\/p>\n<p>El desplante crece de tal manera que lo que parec\u00eda una payasada, puede convertirse en la primera gran tragedia del siglo XXI. Trump insiste que los mexicanos son violadores, criminales y narcotraficantes. En Estados Unidos, salvo algunas reacciones espasm\u00f3dicas, particularmente la de Joe Biden, en su visita a M\u00e9xico, no se hab\u00eda dado respuesta. <br \/>La respuesta oficial mexicana vino despu\u00e9s de la declaraci\u00f3n de Biden y del salto inelegante al escenario de los dos ex presidente panistas Fox y Calder\u00f3n, cada uno conforme a su peculiar manera de injuriar, a la baja altura del magnate. La secretaria de Relaciones Exteriores, Claudia Ruiz Massieu, expres\u00f3 ya oficialmente lo que M\u00e9xico comparte: la pol\u00edtica del aspirante republicano Donald Trump es ignorante y racista. Es \u201cabsurda\u201d la idea de que M\u00e9xico pague por una muralla en la frontera. <br \/>Se pensar\u00eda que Trump odia a M\u00e9xico. No lo creo. Lo hace por la atm\u00f3sfera propicia para humillar a los mexicanos, que redit\u00faa popularidad y beneficios electorales. Eso es lo preocupante: alimentar el odio y la xenofobia en un pa\u00eds que ve en las expresiones racistas la reivindicaci\u00f3n de sus frustraciones sociales. Son muchos factores: no resisten vivir al lado de una amenaza caf\u00e9 (the brown menace); que los inquilinos de la Casa Blanca sean afroamericanos; que los estudiantes indios o mexicanos ganen premios acad\u00e9micos, que un pa\u00eds desarrollado empiece a poblarse con migrantes de los pa\u00edses pobres y atrasados, los blancos se sienten extranjeros en su propio pa\u00eds. <br \/>No puede olvidarse que no hace muchos a\u00f1os, en Texas por ejemplo, hab\u00eda espacios reservados exclusivamente a los blancos y lugares p\u00fablicos en que no se permit\u00eda el acceso a mexicanos ni a perros. <br \/>El punto es que un sector importante de Estados Unidos revive un sentimiento antimexicano que puede comprometer la relaci\u00f3n de los dos pa\u00edses. Las relaciones bilaterales son eso, de ida y vuelta. Mientras en M\u00e9xico los \u00faltimos a\u00f1os nos hab\u00edan llevado a un acercamiento sincero, de simpat\u00eda y amistad leal con Estados Unidos, en el pa\u00eds existen resentimientos y agravios con sellos hist\u00f3ricos. A nadie conviene renovar rencillas. En M\u00e9xico viven millones de ciudadanos de Estados Unidos y lo visitan todav\u00eda muchos m\u00e1s. No conviene al pa\u00eds que dejen de venir. <br \/>En \u00faltima ocurrencia Trump preguntaba al auditorio de embelesados fan\u00e1ticos: \u00bfQui\u00e9n va a pagar el muro que ahora construiremos todav\u00eda m\u00e1s alto? \u00a1M\u00e9xicoooo! era el clamor al un\u00edsono. El velado sentimiento nativista encubado desde hace m\u00e1s de un siglo, aflora en expresiones de odio a los mexicanos. La teor\u00eda de la supremac\u00eda blanca ha regresado a muchas de las conciencias. <br \/>El punto es que si las elecciones fueran hoy es altamente probable que Trump fuera el presidente de Estados Unidos. Por lo pronto nadie que haya ganado las primarias de New Hampshire y South Carolina, as\u00ed como el Supermartes, como hizo Trump, no ha sido el candidato republicano. <br \/>Obama declar\u00f3 que conf\u00eda en la \u201csensibilidad\u201d del pueblo norteamericano que \u201csigue creyendo que el se\u00f1or Trump no ser\u00e1 presidente\u201d. Hasta el papa Francisco, dechado de prudencia, le recrimin\u00f3 su falta de cristiandad por poner muros en lugar de puentes. No obstante nada le afecta. <br \/>El tiempo y Trump siguen adelante. \u00bfPodr\u00e1 Hillary con \u00e9l? Lo \u00fanico que consuela es que si gana, los mexicanos tendr\u00e1n la oportunidad \u00fanica de estar, por primera ocasi\u00f3n en muchos a\u00f1os, todos unidos contra esa amenaza real, efectiva y, confiemos, no cumplida. La gran pregunta es si gana la presidencia, \u00bflo felicitar\u00e1 el gobierno de Pe\u00f1a Nieto?, \u00bfqu\u00e9 le dir\u00e1? y \u00bfle desear\u00e1 \u00e9xito en su gesti\u00f3n? <br \/>Twitter: @DrMarioMelgarA \u00a0\u00a0 \u00a0\u00a0\u00a0 \u00a0<\/p>\n","protected":false},"excerpt":{"rendered":"<p>Despu\u00e9s de los Oscar, hace un a\u00f1o, Trump arremeti\u00f3: \u201cLos Oscar fueron una gran noche para M\u00e9xico y como no, si est\u00e1n robando a Estados Unidos m\u00e1s que cualquier otra naci\u00f3n\u201d. Eso le dio la idea de construir un muro que efectivamente separe a los dos pa\u00edses y decir que la edificaci\u00f3n la pagar\u00eda M\u00e9xico.<\/p>\n","protected":false},"author":93,"featured_media":0,"comment_status":"open","ping_status":"open","sticky":false,"template":"","format":"standard","meta":{"footnotes":""},"categories":[42],"tags":[],"class_list":["post-17947","post","type-post","status-publish","format-standard","hentry","category-nuestrapalabra"],"_links":{"self":[{"href":"https:\/\/plazajuarez.mx\/historico\/wp-json\/wp\/v2\/posts\/17947","targetHints":{"allow":["GET"]}}],"collection":[{"href":"https:\/\/plazajuarez.mx\/historico\/wp-json\/wp\/v2\/posts"}],"about":[{"href":"https:\/\/plazajuarez.mx\/historico\/wp-json\/wp\/v2\/types\/post"}],"author":[{"embeddable":true,"href":"https:\/\/plazajuarez.mx\/historico\/wp-json\/wp\/v2\/users\/93"}],"replies":[{"embeddable":true,"href":"https:\/\/plazajuarez.mx\/historico\/wp-json\/wp\/v2\/comments?post=17947"}],"version-history":[{"count":0,"href":"https:\/\/plazajuarez.mx\/historico\/wp-json\/wp\/v2\/posts\/17947\/revisions"}],"wp:attachment":[{"href":"https:\/\/plazajuarez.mx\/historico\/wp-json\/wp\/v2\/media?parent=17947"}],"wp:term":[{"taxonomy":"category","embeddable":true,"href":"https:\/\/plazajuarez.mx\/historico\/wp-json\/wp\/v2\/categories?post=17947"},{"taxonomy":"post_tag","embeddable":true,"href":"https:\/\/plazajuarez.mx\/historico\/wp-json\/wp\/v2\/tags?post=17947"}],"curies":[{"name":"wp","href":"https:\/\/api.w.org\/{rel}","templated":true}]}}