{"id":17946,"date":"2016-03-03T13:23:06","date_gmt":"2016-03-03T13:23:06","guid":{"rendered":"http:\/\/plazajuarez.mx\/index\/index.php\/2016\/03\/03\/volpi-y-mayorga-el-plato-fuerte-del-festival-literario-de-tokio\/"},"modified":"2016-03-03T13:23:06","modified_gmt":"2016-03-03T13:23:06","slug":"volpi-y-mayorga-el-plato-fuerte-del-festival-literario-de-tokio","status":"publish","type":"post","link":"https:\/\/plazajuarez.mx\/historico\/volpi-y-mayorga-el-plato-fuerte-del-festival-literario-de-tokio\/","title":{"rendered":"Volpi y Mayorga, el plato fuerte del Festival literario de Tokio"},"content":{"rendered":"<p>El encuentro incluir\u00e1 en su programaci\u00f3n la lectura dramatizada de la obra &#8216;la lengua en pedazos&#8217;, de Juan Mayorga, mientras que Jorge Volpi participar\u00e1 en un coloquio<\/p>\n<p>  <!--more-->  <\/p>\n<p>\u00a0<\/p>\n<p>El escritor mexicano Jorge Volpi y el dramaturgo Juan Mayorga, con una obra inspirada en Santa Teresa de Jes\u00fas, representar\u00e1n a la cultura en espa\u00f1ol en la tercera edici\u00f3n del Festival Internacional de Literatura de Tokio, que comenz\u00f3 el d\u00eda de ayer.<\/p>\n<p>El encuentro literario y con vocaci\u00f3n multicultural que acoger\u00e1 la capital nipona hasta el pr\u00f3ximo s\u00e1bado incluye en su programaci\u00f3n la lectura dramatizada de la obra &#8220;La lengua en pedazos&#8221; del espa\u00f1ol Juan Mayorga, un texto que recrea una conversaci\u00f3n entre Santa Teresa de Jes\u00fas y un inquisidor.<\/p>\n<p>&#8220;Es una obra que se ha traducido al japon\u00e9s expresamente para este festival&#8221;, se\u00f1al\u00f3 el productor del espect\u00e1culo Alberto Calero, quien destac\u00f3 que &#8220;la espiritualidad y rebeld\u00eda de Santa Teresa tiene cierta cercan\u00eda al esp\u00edritu zen japon\u00e9s&#8221;.<\/p>\n<p>Aunque la religiosa avilesa del siglo XVI es &#8220;poco conocida&#8221; en el pa\u00eds asi\u00e1tico, su presencia a trav\u00e9s del texto de Mayorga en este evento literario est\u00e1 &#8220;muy justificada&#8221; ya que este a\u00f1o se estrenar\u00e1 la pel\u00edcula &#8220;Silencio&#8221;, un filme del cineasta Martin Scorsese sobre el cristianismo en Jap\u00f3n, apunt\u00f3 Calero, el \u00fanico programador extranjero de este festival.<\/p>\n<p>La lectura dramatizada del texto de Mayorga, correr\u00e1 a cargo de la escritora galardonada con el premio literario Akutagawa, Yukiko Motoya, en el papel de la santa, mientras que el actor Shosuke Tanihara interpretar\u00e1 al inquisidor en una funci\u00f3n que tendr\u00e1 lugar el pr\u00f3ximo s\u00e1bado en el Centro Nacional de Arte de Tokio.<\/p>\n<p>Durante la lectura de la obra del premio Nacional de Teatro en 2007 se proyectar\u00e1n una serie fotogr\u00e1fica de la artista serbia Marina Abramovic en torno a Santa Teresa de \u00c1vila.<\/p>\n<p>En el mismo museo tokiota se proyectar\u00e1 tambi\u00e9n ese s\u00e1bado la pel\u00edcula &#8220;Las elegidas&#8221;, dirigida por el mexicano David Pablos, que participar\u00e1 posteriormente en un coloquio con Jorge Volpi, cuyo art\u00edculo sobre el tr\u00e1fico de mujeres en M\u00e9xico inspir\u00f3 el filme.<\/p>\n<p>Se trata de la segunda vez que se exhibe en Tokio esta producci\u00f3n francomexicana, que se puedo ver en el Festival de cine Latin Beat en la capital nipona.<\/p>\n<p>Organizado por The Nippon Fundation, el Festival Internacional de Literatura de Tokio ser\u00e1 inaugurado hoy por la poeta estadounidense Elizabeth Alexander, una de las autoras elegidas por el presidente de Estados Unidos Barack Obama para recitar un poema en su primera toma de posesi\u00f3n.<\/p>\n<p>En este encuentro literario, en el que participar\u00e1n fundamentalmente autores de la regi\u00f3n, tambi\u00e9n habr\u00e1 espacio para otras disciplinas art\u00edsticas como la danza, la fotograf\u00eda o el cine y tendr\u00e1n especial presencia en esta edici\u00f3n los traductores literarios.<\/p>\n","protected":false},"excerpt":{"rendered":"<p>El encuentro incluir\u00e1 en su programaci\u00f3n la lectura dramatizada de la obra &#8216;la lengua en pedazos&#8217;, de Juan Mayorga, mientras que Jorge Volpi participar\u00e1 en un coloquio<\/p>\n","protected":false},"author":93,"featured_media":0,"comment_status":"open","ping_status":"open","sticky":false,"template":"","format":"standard","meta":{"footnotes":""},"categories":[41],"tags":[],"class_list":["post-17946","post","type-post","status-publish","format-standard","hentry","category-arteria-cultural"],"_links":{"self":[{"href":"https:\/\/plazajuarez.mx\/historico\/wp-json\/wp\/v2\/posts\/17946","targetHints":{"allow":["GET"]}}],"collection":[{"href":"https:\/\/plazajuarez.mx\/historico\/wp-json\/wp\/v2\/posts"}],"about":[{"href":"https:\/\/plazajuarez.mx\/historico\/wp-json\/wp\/v2\/types\/post"}],"author":[{"embeddable":true,"href":"https:\/\/plazajuarez.mx\/historico\/wp-json\/wp\/v2\/users\/93"}],"replies":[{"embeddable":true,"href":"https:\/\/plazajuarez.mx\/historico\/wp-json\/wp\/v2\/comments?post=17946"}],"version-history":[{"count":0,"href":"https:\/\/plazajuarez.mx\/historico\/wp-json\/wp\/v2\/posts\/17946\/revisions"}],"wp:attachment":[{"href":"https:\/\/plazajuarez.mx\/historico\/wp-json\/wp\/v2\/media?parent=17946"}],"wp:term":[{"taxonomy":"category","embeddable":true,"href":"https:\/\/plazajuarez.mx\/historico\/wp-json\/wp\/v2\/categories?post=17946"},{"taxonomy":"post_tag","embeddable":true,"href":"https:\/\/plazajuarez.mx\/historico\/wp-json\/wp\/v2\/tags?post=17946"}],"curies":[{"name":"wp","href":"https:\/\/api.w.org\/{rel}","templated":true}]}}