{"id":17945,"date":"2016-03-03T13:22:46","date_gmt":"2016-03-03T13:22:46","guid":{"rendered":"http:\/\/plazajuarez.mx\/index\/index.php\/2016\/03\/03\/el-retrato-de-sorolla-se-queda-sin-comprador\/"},"modified":"2016-03-03T13:22:46","modified_gmt":"2016-03-03T13:22:46","slug":"el-retrato-de-sorolla-se-queda-sin-comprador","status":"publish","type":"post","link":"https:\/\/plazajuarez.mx\/historico\/el-retrato-de-sorolla-se-queda-sin-comprador\/","title":{"rendered":"El retrato de Sorolla se queda sin comprador"},"content":{"rendered":"<p>La obra oculta por m\u00e1s de 100 a\u00f1os no lleg\u00f3 al m\u00ednimo de lo que la casa de subastas esperaba recaudar<\/p>\n<p>  <!--more-->  <\/p>\n<p>\u00a0<\/p>\n<p>Un retrato del pintor espa\u00f1ol Joaqu\u00edn Sorolla que no se ha visto en p\u00fablico durante m\u00e1s de cien a\u00f1os se qued\u00f3 el d\u00eda de ayer sin comprador en una subasta realizada por la casa Bonhams.<\/p>\n<p>La obra titulada &#8220;Un hebreo&#8221; no lleg\u00f3 al m\u00ednimo que la casa de subastas esperaba recaudar, entre 300 mil y 500 mil libras (418 mil 386 y 697 mil 310 d\u00f3lares), por lo que decidieron retirarlo.<\/p>\n<p>La oferta m\u00e1s alta por la pieza del valenciano se qued\u00f3 en 260 mil libras (362 mil 601 d\u00f3lares), 40 mil libras menos del precio de venta inicial fijado.<\/p>\n<p>La obra de Sorolla tiene un valor a\u00f1adido, ya que, como apunt\u00f3 el director de la subasta, Peter Rees, &#8220;solo se hab\u00eda visto antes a trav\u00e9s de fotograf\u00edas en blanco y negro, y comparte la misma volatilidad y espontaneidad que sus retratos m\u00e1s famosos&#8221;.<\/p>\n<p>\u00a0<\/p>\n<p>\u00a0<\/p>\n","protected":false},"excerpt":{"rendered":"<p>La obra oculta por m\u00e1s de 100 a\u00f1os no lleg\u00f3 al m\u00ednimo de lo que la casa de subastas esperaba recaudar<\/p>\n","protected":false},"author":93,"featured_media":0,"comment_status":"open","ping_status":"open","sticky":false,"template":"","format":"standard","meta":{"footnotes":""},"categories":[41],"tags":[],"class_list":["post-17945","post","type-post","status-publish","format-standard","hentry","category-arteria-cultural"],"_links":{"self":[{"href":"https:\/\/plazajuarez.mx\/historico\/wp-json\/wp\/v2\/posts\/17945","targetHints":{"allow":["GET"]}}],"collection":[{"href":"https:\/\/plazajuarez.mx\/historico\/wp-json\/wp\/v2\/posts"}],"about":[{"href":"https:\/\/plazajuarez.mx\/historico\/wp-json\/wp\/v2\/types\/post"}],"author":[{"embeddable":true,"href":"https:\/\/plazajuarez.mx\/historico\/wp-json\/wp\/v2\/users\/93"}],"replies":[{"embeddable":true,"href":"https:\/\/plazajuarez.mx\/historico\/wp-json\/wp\/v2\/comments?post=17945"}],"version-history":[{"count":0,"href":"https:\/\/plazajuarez.mx\/historico\/wp-json\/wp\/v2\/posts\/17945\/revisions"}],"wp:attachment":[{"href":"https:\/\/plazajuarez.mx\/historico\/wp-json\/wp\/v2\/media?parent=17945"}],"wp:term":[{"taxonomy":"category","embeddable":true,"href":"https:\/\/plazajuarez.mx\/historico\/wp-json\/wp\/v2\/categories?post=17945"},{"taxonomy":"post_tag","embeddable":true,"href":"https:\/\/plazajuarez.mx\/historico\/wp-json\/wp\/v2\/tags?post=17945"}],"curies":[{"name":"wp","href":"https:\/\/api.w.org\/{rel}","templated":true}]}}