{"id":17943,"date":"2016-03-03T13:20:59","date_gmt":"2016-03-03T13:20:59","guid":{"rendered":"http:\/\/plazajuarez.mx\/index\/index.php\/2016\/03\/03\/miley-cyrus-se-lanza-con-lagrimas-contra-donald-trump\/"},"modified":"2016-03-03T13:20:59","modified_gmt":"2016-03-03T13:20:59","slug":"miley-cyrus-se-lanza-con-lagrimas-contra-donald-trump","status":"publish","type":"post","link":"https:\/\/plazajuarez.mx\/historico\/miley-cyrus-se-lanza-con-lagrimas-contra-donald-trump\/","title":{"rendered":"Miley Cyrus se lanza con l\u00e1grimas contra Donald Trump"},"content":{"rendered":"<p>La cantante public\u00f3 comentarios con los que dej\u00f3 clara su apat\u00eda por el republicano.<\/p>\n<p>  <!--more-->  <\/p>\n<p>\u00a0<\/p>\n<p>Miley Cyrus recurri\u00f3 a las redes sociales para arrementer y expresar la indignaci\u00f3n que siente por el pol\u00e9mico precandidato republicano Donald Trump.<\/p>\n<p>La cantante no es la primera celebridad que decide usar las redes sociales como herramienta para ir en contra de Trump, tambi\u00e9n lo han hecho Pitbull, Paulina Vega, Ricky Martin, Shakira y Adamari L\u00f3pez, entre otros.<\/p>\n<p>\u201cDonald Trump es una pesadilla\u201d, escribi\u00f3 hace dos d\u00edas la cantante en su Instagram, que cuenta con m\u00e1s de 38 millones de seguidores, que expres\u00f3 su alarma tras las victorias del magnate en las primarias del Supermartes.<\/p>\n<p>\u201cVoy a vomitar e irme de este pa\u00eds\u201d, asegur\u00f3 este mi\u00e9rcoles la estrella, quien acompa\u00f1\u00f3 el comentario con el hashtag \u201cya no hay fiesta en Estados Unidos\u201d en referencia a su popular sencillo \u201cParty in the USA\u201d.<\/p>\n<p>En pocos d\u00edas Cyrus dedic\u00f3 varias fotos en contra del candidato republicano y sus acciones. En uno de los posts la cantante estadounidense hizo un collage en el que aparec\u00eda ella llorando y lo critic\u00f3 por su crueldad hacia los animales.<\/p>\n","protected":false},"excerpt":{"rendered":"<p>La cantante public\u00f3 comentarios con los que dej\u00f3 clara su apat\u00eda por el republicano.<\/p>\n","protected":false},"author":93,"featured_media":0,"comment_status":"open","ping_status":"open","sticky":false,"template":"","format":"standard","meta":{"footnotes":""},"categories":[38],"tags":[],"class_list":["post-17943","post","type-post","status-publish","format-standard","hentry","category-show"],"_links":{"self":[{"href":"https:\/\/plazajuarez.mx\/historico\/wp-json\/wp\/v2\/posts\/17943","targetHints":{"allow":["GET"]}}],"collection":[{"href":"https:\/\/plazajuarez.mx\/historico\/wp-json\/wp\/v2\/posts"}],"about":[{"href":"https:\/\/plazajuarez.mx\/historico\/wp-json\/wp\/v2\/types\/post"}],"author":[{"embeddable":true,"href":"https:\/\/plazajuarez.mx\/historico\/wp-json\/wp\/v2\/users\/93"}],"replies":[{"embeddable":true,"href":"https:\/\/plazajuarez.mx\/historico\/wp-json\/wp\/v2\/comments?post=17943"}],"version-history":[{"count":0,"href":"https:\/\/plazajuarez.mx\/historico\/wp-json\/wp\/v2\/posts\/17943\/revisions"}],"wp:attachment":[{"href":"https:\/\/plazajuarez.mx\/historico\/wp-json\/wp\/v2\/media?parent=17943"}],"wp:term":[{"taxonomy":"category","embeddable":true,"href":"https:\/\/plazajuarez.mx\/historico\/wp-json\/wp\/v2\/categories?post=17943"},{"taxonomy":"post_tag","embeddable":true,"href":"https:\/\/plazajuarez.mx\/historico\/wp-json\/wp\/v2\/tags?post=17943"}],"curies":[{"name":"wp","href":"https:\/\/api.w.org\/{rel}","templated":true}]}}