{"id":17941,"date":"2016-03-03T13:20:24","date_gmt":"2016-03-03T13:20:24","guid":{"rendered":"http:\/\/plazajuarez.mx\/index\/index.php\/2016\/03\/03\/chivo-lubezki-ve-complicado-recibir-otro-oscar\/"},"modified":"2016-03-03T13:20:24","modified_gmt":"2016-03-03T13:20:24","slug":"chivo-lubezki-ve-complicado-recibir-otro-oscar","status":"publish","type":"post","link":"https:\/\/plazajuarez.mx\/historico\/chivo-lubezki-ve-complicado-recibir-otro-oscar\/","title":{"rendered":"&#8216;Chivo&#8217; Lubezki ve complicado recibir otro Oscar"},"content":{"rendered":"<p>El cinefot\u00f3grafo mexicano expres\u00f3 que en su discurso pens\u00f3 en hacer una broma y decir \u201ca mi familia y amigos: bajen sus expectativas\u201d.<\/p>\n<p>  <!--more-->  <\/p>\n<p>\u00a0<\/p>\n<p>Emmanuel \u201cEl Chivo\u201d Lubezki se siente afortunado por haber obtenido un tercer Oscar consecutivo a Mejor Fotograf\u00eda, pero no considera factible otro premio pronto.<\/p>\n<p>Durante una entrevista con Variety, el cinefot\u00f3grafo mexicano expres\u00f3 que en su discurso pens\u00f3 en hacer una broma y decir \u201ca mi familia y amigos: bajen sus expectativas\u201d.<\/p>\n<p>Y es que aunque sus hijas, seg\u00fan revel\u00f3 \u00e9l mismo, ven como algo \u201cnormal\u201d el acudir cada a\u00f1o a los Oscar \u201cno lo es. Podr\u00eda nunca regresar a los Oscar. Podr\u00eda nunca obtener una nominaci\u00f3n de nuevo\u201d.<\/p>\n<p>Para el mismo texto en Variety, Alfonso Cuar\u00f3n lo defini\u00f3 as\u00ed:<\/p>\n<p>\u201c\u00a1Es una celebridad! \u00a1Es el Chivo! \u00a1Su apodo es una marca ahora!\u201d.<\/p>\n<p>Poco acostumbrado a recibir la atenci\u00f3n, Lubezki coment\u00f3 que cada a\u00f1o le ha resultado m\u00e1s dif\u00edcil subir al escenario de los Oscar y dar su discurso. Se\u00f1al\u00f3 que es muy subjetivo elegir una cinta u otra y dijo admirar a todos los fot\u00f3grafos con los que estaba nominado: Roger Deakins (Sicario), Edward Lachmann (Carol), Robert Richardson (The Hateful Eight) y John Seale (Mad Max: Fury Road).<\/p>\n<p>Sus siguientes trabajos a estrenar son Knight of Cups, de Terrence Malick -que se estrena en Estados Unidos esta semana- y Last Days in the Desert, de Rodrigo Garc\u00eda.<\/p>\n<p>Lubezki no quiso revelar mucho de sus pr\u00f3ximas cintas, s\u00f3lo dijo que trabaja con Rodrigo Garc\u00eda en un proyecto de realidad virtual, porque le interesa una nueva manera de contar historias. Acerca de si le gustar\u00eda dirigir, explic\u00f3 que lo har\u00eda si es algo que sienta que pueda relatar de una manera que nadie m\u00e1s lo haga.<\/p>\n","protected":false},"excerpt":{"rendered":"<p>El cinefot\u00f3grafo mexicano expres\u00f3 que en su discurso pens\u00f3 en hacer una broma y decir \u201ca mi familia y amigos: bajen sus expectativas\u201d.<\/p>\n","protected":false},"author":93,"featured_media":0,"comment_status":"open","ping_status":"open","sticky":false,"template":"","format":"standard","meta":{"footnotes":""},"categories":[38],"tags":[],"class_list":["post-17941","post","type-post","status-publish","format-standard","hentry","category-show"],"_links":{"self":[{"href":"https:\/\/plazajuarez.mx\/historico\/wp-json\/wp\/v2\/posts\/17941","targetHints":{"allow":["GET"]}}],"collection":[{"href":"https:\/\/plazajuarez.mx\/historico\/wp-json\/wp\/v2\/posts"}],"about":[{"href":"https:\/\/plazajuarez.mx\/historico\/wp-json\/wp\/v2\/types\/post"}],"author":[{"embeddable":true,"href":"https:\/\/plazajuarez.mx\/historico\/wp-json\/wp\/v2\/users\/93"}],"replies":[{"embeddable":true,"href":"https:\/\/plazajuarez.mx\/historico\/wp-json\/wp\/v2\/comments?post=17941"}],"version-history":[{"count":0,"href":"https:\/\/plazajuarez.mx\/historico\/wp-json\/wp\/v2\/posts\/17941\/revisions"}],"wp:attachment":[{"href":"https:\/\/plazajuarez.mx\/historico\/wp-json\/wp\/v2\/media?parent=17941"}],"wp:term":[{"taxonomy":"category","embeddable":true,"href":"https:\/\/plazajuarez.mx\/historico\/wp-json\/wp\/v2\/categories?post=17941"},{"taxonomy":"post_tag","embeddable":true,"href":"https:\/\/plazajuarez.mx\/historico\/wp-json\/wp\/v2\/tags?post=17941"}],"curies":[{"name":"wp","href":"https:\/\/api.w.org\/{rel}","templated":true}]}}