{"id":179224,"date":"2021-08-27T07:17:28","date_gmt":"2021-08-27T12:17:28","guid":{"rendered":"https:\/\/plazajuarez.mx\/?p=179224"},"modified":"2021-08-27T07:17:39","modified_gmt":"2021-08-27T12:17:39","slug":"gobernando-por-el-esplendor-tolteca-manuel-hernandez-badillo","status":"publish","type":"post","link":"https:\/\/plazajuarez.mx\/historico\/gobernando-por-el-esplendor-tolteca-manuel-hernandez-badillo\/","title":{"rendered":"\u201cGobernando por el esplendor tolteca\u201d, Manuel Hern\u00e1ndez Badillo"},"content":{"rendered":"\n<p>En entrevista para el programa de \u201cAl aire\u201d, el presidente municipal de Tula, Manuel Hern\u00e1ndez Badillo, expres\u00f3, que el ideal que maneja la actual administraci\u00f3n es \u201cgobernando por el esplendor tolteca\u201d ya que los Atlantes son un \u00edcono del estado, pero se\u00f1al\u00f3 que es \u201cimportante renovar ese esp\u00edritu de identidad tolteca, es importante impulsar el turismo y aprovechar esa riqueza hist\u00f3rica\u201d; la cual recibe turistas nacionales e internacionales, pero debido a la pandemia se encuentra cerrada.<\/p>\n\n\n\n<p>Detall\u00f3 que en estos ochos meses de gobierno, remodelaron el acceso Tula-Refiner\u00eda, y all\u00ed, en ese tramo de cuatro carriles colocaron cuatro artesan\u00edas realizadas por artesanos tulenses \u201cdando muestra de esa riqueza hist\u00f3rica\u201d.&nbsp;<\/p>\n\n\n\n<p>A su vez, dijo, han impulsado la realizaci\u00f3n de eventos culturales, entre ellos dos festivales que ya se organizaban en el municipio: el \u201cFestival Toltequinox\u201d, en alusi\u00f3n al equinoccio de primavera que se llev\u00f3 a cabo en modalidad virtual \u201ccon la presencia en redes de casi tres millones de asistentes, quienes visualizaron los diferentes eventos, las diferentes muestras culturales\u201d, y el \u201cFestival de los cuatro gigantes\u201d que contar\u00e1 con el respaldo del gobierno federal y se realizar\u00e1 el 1 y 2 de noviembre.<\/p>\n\n\n\n<p>Mencion\u00f3 que el municipio ha logrado dos cosas muy importantes: el primero, la tercera divisi\u00f3n profesional, dirigido a j\u00f3venes y cuyo nombre ser\u00e1 Atl\u00e9tico Toltecas F. C; y el segundo la futura realizaci\u00f3n de la primera edici\u00f3n del \u201cTolteca Xtrem\u201c que se tiene planeado hacer el 17 y 18 de septiembre en una ruta para motos, cuatrimotos y dem\u00e1s veh\u00edculos \u201cque recorrer\u00e1n los principales puntos tur\u00edsticos del municipio\u201d.&nbsp;<\/p>\n\n\n\n<p>Puntualiz\u00f3 que otros logros que se han tenido son el haber sido reconocidos en su portal de transparencia con calificaci\u00f3n de diez, el cien por ciento de la entrega de la cuenta p\u00fablica en los primeros trimestres de su mandato, y ser acreedores del presupuesto del programa PROAGUA.<\/p>\n\n\n\n<p>Coment\u00f3 que se debe tener vocaci\u00f3n para ser presidente y m\u00e1s en estas situaciones de pandemia, mand\u00f3 una felicitaci\u00f3n de cumplea\u00f1os al gobernador del estado, Omar Fayad, y recalc\u00f3 su reconocimiento: \u201cporque aun cuando somos de expresiones pol\u00edticas diferentes hemos encontrado en el gobernador el respaldo, el cobijo y la ayuda\u201d.<\/p>\n\n\n\n<p>Por \u00faltimo, expres\u00f3 que \u201cno habr\u00e1 grito de independencia masivo, no habr\u00e1 feria\u201d, por lo mismo de la pandemia, solo se har\u00e1 una transmisi\u00f3n en redes sociales, con integrantes de su familia y algunos funcionarios de gobierno, y el 16 de septiembre transitar\u00e1 el centro de Tula con la bandera y vestido de charro, en una cabalgata de independencia.<\/p>\n","protected":false},"excerpt":{"rendered":"<p>En entrevista para el programa de \u201cAl aire\u201d, el presidente municipal de Tula, Manuel Hern\u00e1ndez Badillo, expres\u00f3, que el ideal que maneja la actual administraci\u00f3n es \u201cgobernando por el esplendor tolteca\u201d ya que los Atlantes son un \u00edcono del estado, pero se\u00f1al\u00f3 que es \u201cimportante renovar ese esp\u00edritu de identidad tolteca, es importante impulsar el [&hellip;]<\/p>\n","protected":false},"author":101,"featured_media":179225,"comment_status":"closed","ping_status":"closed","sticky":false,"template":"","format":"standard","meta":{"footnotes":""},"categories":[59,2159],"tags":[],"class_list":["post-179224","post","type-post","status-publish","format-standard","has-post-thumbnail","hentry","category-general","category-noticias-de-hidalgo"],"_links":{"self":[{"href":"https:\/\/plazajuarez.mx\/historico\/wp-json\/wp\/v2\/posts\/179224","targetHints":{"allow":["GET"]}}],"collection":[{"href":"https:\/\/plazajuarez.mx\/historico\/wp-json\/wp\/v2\/posts"}],"about":[{"href":"https:\/\/plazajuarez.mx\/historico\/wp-json\/wp\/v2\/types\/post"}],"author":[{"embeddable":true,"href":"https:\/\/plazajuarez.mx\/historico\/wp-json\/wp\/v2\/users\/101"}],"replies":[{"embeddable":true,"href":"https:\/\/plazajuarez.mx\/historico\/wp-json\/wp\/v2\/comments?post=179224"}],"version-history":[{"count":0,"href":"https:\/\/plazajuarez.mx\/historico\/wp-json\/wp\/v2\/posts\/179224\/revisions"}],"wp:featuredmedia":[{"embeddable":true,"href":"https:\/\/plazajuarez.mx\/historico\/wp-json\/wp\/v2\/media\/179225"}],"wp:attachment":[{"href":"https:\/\/plazajuarez.mx\/historico\/wp-json\/wp\/v2\/media?parent=179224"}],"wp:term":[{"taxonomy":"category","embeddable":true,"href":"https:\/\/plazajuarez.mx\/historico\/wp-json\/wp\/v2\/categories?post=179224"},{"taxonomy":"post_tag","embeddable":true,"href":"https:\/\/plazajuarez.mx\/historico\/wp-json\/wp\/v2\/tags?post=179224"}],"curies":[{"name":"wp","href":"https:\/\/api.w.org\/{rel}","templated":true}]}}