{"id":179029,"date":"2021-08-25T19:13:39","date_gmt":"2021-08-26T00:13:39","guid":{"rendered":"https:\/\/plazajuarez.mx\/?p=179029"},"modified":"2021-08-25T19:13:54","modified_gmt":"2021-08-26T00:13:54","slug":"oim_migrantes","status":"publish","type":"post","link":"https:\/\/plazajuarez.mx\/historico\/oim_migrantes\/","title":{"rendered":"La OIM frena acompa\u00f1amiento de migrantes bajo programa &#8220;Permanecer en M\u00e9xico&#8221;"},"content":{"rendered":"\n<p>La Organizaci\u00f3n Internacional para las Migraciones (OIM) inform\u00f3 que este mi\u00e9rcoles no acompa\u00f1ar\u00e1 a migrantes a Estados Unidos luego de que el Supremo de ese pa\u00eds avalara el restablecimiento del Protocolo de Protecci\u00f3n de Migrantes (MPP, en ingl\u00e9s) o &#8220;Permanecer en M\u00e9xico&#8221;, que los obliga a quedarse en territorio mexicano.<\/p>\n\n\n\n<p>&#8220;La OIM no har\u00e1 hoy pruebas de covid ni acompa\u00f1ar\u00e1 a personas con casos bajo el programa de Protocolo de Protecci\u00f3n a Migrantes (MPP\/Remain in Mexico)&#8221;, inform\u00f3 el \u00f3rgano en un breve mensaje a medios.<\/p>\n\n\n\n<p>El organismo de la ONU indic\u00f3 que est\u00e1 &#8220;evaluando la situaci\u00f3n que se desprende de la decisi\u00f3n tomada por la Suprema Corte, en coordinaci\u00f3n con los Gobiernos de Estados Unidos y M\u00e9xico, para determinar c\u00f3mo proceder&#8221;.<\/p>\n\n\n\n<p>Seg\u00fan informaci\u00f3n compartida por la OIM, el \u00faltimo cruce hasta la fecha se dio este martes en las seis ciudades fronterizas mexicanas por donde se realizaban los traslados.<\/p>\n\n\n\n<p>Fueron Ciudad Ju\u00e1rez con 40 personas, Tijuana con 37, Piedras Negras con 11, Reynosa con 8, Nuevo Laredo con 4 &nbsp;y Matamoros con 2 personas.<\/p>\n\n\n\n<p>Con esto, &#8220;el acumulado total est\u00e1 en 13.256 personas bajo el programa MPP a quienes se les hizo prueba covid y que fueron acompa\u00f1adas a Estados Unidos&#8221;, indic\u00f3.<\/p>\n\n\n\n<p>LA DECISI\u00d3N DEL SUPREMO<\/p>\n\n\n\n<p>El Tribunal Supremo de Estados Unidos rechaz\u00f3 este martes un pedido del Gobierno del presidente Joe Biden de suspender la aplicaci\u00f3n de la orden de un juez federal que restableci\u00f3 el programa &#8220;Permanecer en M\u00e9xico&#8221;, el cual obliga a los solicitantes de asilo a quedarse en ese pa\u00eds mientras se resuelve su caso en una corte estadounidense.<\/p>\n\n\n\n<p>En una orden no firmada, el Supremo deneg\u00f3 la petici\u00f3n al se\u00f1alar que los solicitantes no lograron demostrar que el memorando que rescindi\u00f3 el programa puesto en marcha durante la Administraci\u00f3n del ahora expresidente Donald Trump (2017-2021) no fue &#8220;arbitrario y caprichoso&#8221;.<\/p>\n\n\n\n<p>El Departamento de Seguridad Nacional (DHS, en ingl\u00e9s), que tiene a cargo el sistema de inmigraci\u00f3n estadounidense, expres\u00f3 en un comunicado que est\u00e1 &#8220;respetuosamente en desacuerdo&#8221; con la decisi\u00f3n del tribunal del distrito y lament\u00f3 que el Supremo &#8220;se haya negado a emitir una suspensi\u00f3n&#8221;.<\/p>\n\n\n\n<p>Biden suspendi\u00f3 en su primer d\u00eda en la Casa Blanca las inscripciones en ese programa, impulsado en enero de 2019 por Trump y por el que Estados Unidos envi\u00f3 a m\u00e1s de 60.000 migrantes que cruzaron la frontera a esperar durante meses en M\u00e9xico sus citas ante jueces migratorios.<\/p>\n\n\n\n<p>En febrero, el Gobierno de Biden empez\u00f3 a permitir la entrada en Estados Unidos de migrantes con casos activos bajo el MPP y en junio, el DHS puso fin definitivamente al programa, muy criticado por organizaciones de derechos humanos.<\/p>\n\n\n\n<p>Pero el pasado 13 de agosto, el juez federal Matthew Kacsmaryk, nominado por Trump para su cargo en una corte de Texas, dio la raz\u00f3n a los fiscales generales de Texas y Misuri, que hab\u00edan demandado a la actual Administraci\u00f3n en abril por su decisi\u00f3n de acabar con el programa.<\/p>\n\n\n\n<p>La migraci\u00f3n aument\u00f3 en M\u00e9xico desde octubre de 2018, cuando caravanas con miles de migrantes, en su mayor\u00eda centroamericanos, comenzaron a ingresar al pa\u00eds para llegar a Estados Unidos.<\/p>\n\n\n\n<p>Con la llegada este a\u00f1o de Joe Biden a la presidencia de Estados Unidos volvi\u00f3 a aumentar el flujo migratorio desde Centroam\u00e9rica hacia ese pa\u00eds ante la expectativa de que levantara las restricciones impuestas por Trump.<\/p>\n\n\n\n<p>Estados Unidos detuvo el pasado julio en su frontera sur a 212.672 indocumentados, la cifra m\u00e1s alta en 20 a\u00f1os.&nbsp;<\/p>\n","protected":false},"excerpt":{"rendered":"<p>La Organizaci\u00f3n Internacional para las Migraciones (OIM) inform\u00f3 que este mi\u00e9rcoles no acompa\u00f1ar\u00e1 a migrantes a Estados Unidos luego de que el Supremo de ese pa\u00eds avalara el restablecimiento del Protocolo de Protecci\u00f3n de Migrantes (MPP, en ingl\u00e9s) o &#8220;Permanecer en M\u00e9xico&#8221;, que los obliga a quedarse en territorio mexicano. &#8220;La OIM no har\u00e1 hoy [&hellip;]<\/p>\n","protected":false},"author":80,"featured_media":179030,"comment_status":"closed","ping_status":"closed","sticky":false,"template":"","format":"standard","meta":{"footnotes":""},"categories":[36],"tags":[],"class_list":["post-179029","post","type-post","status-publish","format-standard","has-post-thumbnail","hentry","category-nacion"],"_links":{"self":[{"href":"https:\/\/plazajuarez.mx\/historico\/wp-json\/wp\/v2\/posts\/179029","targetHints":{"allow":["GET"]}}],"collection":[{"href":"https:\/\/plazajuarez.mx\/historico\/wp-json\/wp\/v2\/posts"}],"about":[{"href":"https:\/\/plazajuarez.mx\/historico\/wp-json\/wp\/v2\/types\/post"}],"author":[{"embeddable":true,"href":"https:\/\/plazajuarez.mx\/historico\/wp-json\/wp\/v2\/users\/80"}],"replies":[{"embeddable":true,"href":"https:\/\/plazajuarez.mx\/historico\/wp-json\/wp\/v2\/comments?post=179029"}],"version-history":[{"count":0,"href":"https:\/\/plazajuarez.mx\/historico\/wp-json\/wp\/v2\/posts\/179029\/revisions"}],"wp:featuredmedia":[{"embeddable":true,"href":"https:\/\/plazajuarez.mx\/historico\/wp-json\/wp\/v2\/media\/179030"}],"wp:attachment":[{"href":"https:\/\/plazajuarez.mx\/historico\/wp-json\/wp\/v2\/media?parent=179029"}],"wp:term":[{"taxonomy":"category","embeddable":true,"href":"https:\/\/plazajuarez.mx\/historico\/wp-json\/wp\/v2\/categories?post=179029"},{"taxonomy":"post_tag","embeddable":true,"href":"https:\/\/plazajuarez.mx\/historico\/wp-json\/wp\/v2\/tags?post=179029"}],"curies":[{"name":"wp","href":"https:\/\/api.w.org\/{rel}","templated":true}]}}