{"id":179026,"date":"2021-08-25T18:18:20","date_gmt":"2021-08-25T23:18:20","guid":{"rendered":"https:\/\/plazajuarez.mx\/?p=179026"},"modified":"2021-08-25T18:35:34","modified_gmt":"2021-08-25T23:35:34","slug":"congreso_mexicano","status":"publish","type":"post","link":"https:\/\/plazajuarez.mx\/historico\/congreso_mexicano\/","title":{"rendered":"Ordenan al Congreso mexicano reglamentar revocaci\u00f3n del mandato presidencial"},"content":{"rendered":"\n<p>El Tribunal Electoral de M\u00e9xico orden\u00f3 este mi\u00e9rcoles al Congreso aprobar una ley que reglamente el refer\u00e9ndum de revocaci\u00f3n del mandato presidencial, una iniciativa impulsada por el propio presidente Andr\u00e9s Manuel L\u00f3pez Obrador.<\/p>\n\n\n\n<p>&#8220;El Tribunal Electoral del Poder Judicial de la Federaci\u00f3n determin\u00f3 por mayor\u00eda de 6 votos a favor y uno en contra que el Congreso de la Uni\u00f3n es omiso en expedir la Ley Reglamentaria en Materia de Revocaci\u00f3n de Mandato y lo vincul\u00f3 para que, en el plazo de 30 d\u00edas naturales a partir del 1 de septiembre, emita la legislaci\u00f3n respectiva&#8221;, anunci\u00f3 en un comunicado.<\/p>\n\n\n\n<p>El presidente L\u00f3pez Obrador quiere convocar un refer\u00e9ndum para que el pr\u00f3ximo a\u00f1o los mexicanos decidan si debe seguir o no en el cargo, pero la oposici\u00f3n fren\u00f3 la convocatoria de una sesi\u00f3n extraordinaria en el Congreso para legislar el asunto.<\/p>\n\n\n\n<p>El Tribunal record\u00f3 que el 21 de diciembre de 2019 entr\u00f3 en vigor una reforma de la Constituci\u00f3n que permite derogar el mandato del presidente pero el Congreso incumpli\u00f3 su obligaci\u00f3n de &#8220;emitir la ley reglamentaria en materia de revocaci\u00f3n de mandato dentro de los 180 d\u00edas siguientes a su publicaci\u00f3n&#8221;.<\/p>\n\n\n\n<p>Los magistrados dieron la raz\u00f3n al oficialista Movimiento Regeneraci\u00f3n Nacional (Morena), que impugn\u00f3 la &#8220;omisi\u00f3n&#8221; del Congreso, y establecieron un plazo de 30 d\u00edas para aprobar una ley a partir del 1 de septiembre, fecha en la que iniciar\u00e1 el per\u00edodo ordinario de sesiones de la nueva legislatura.<\/p>\n\n\n\n<p>La semana pasada, la oposici\u00f3n fren\u00f3 la iniciativa de Morena que intent\u00f3 convocar un per\u00edodo extraordinario &#8216;in extremis&#8217; antes de concluir la legislatura para aprobar la ley de revocaci\u00f3n del mandato presidencial.<\/p>\n\n\n\n<p>Los opositores denuncian que el presidente quiere malgastar el dinero con este tipo de ejercicios, que le permiten estar en campa\u00f1a permanente.<\/p>\n\n\n\n<p>El refer\u00e9ndum de revocaci\u00f3n a mitad de mandato es una de las promesas electorales de L\u00f3pez Obrador, presidente desde 2018, para suprimir privilegios y fomentar una democracia directa en M\u00e9xico.<\/p>\n\n\n\n<p>El mandatario reproch\u00f3 la semana pasada que la oposici\u00f3n est\u00e1 &#8220;poniendo obst\u00e1culos en el Congreso&#8221; porque &#8220;le tienen miedo al pueblo&#8221;.<\/p>\n\n\n\n<p>El Instituto Nacional Electoral (INE) present\u00f3 el martes su propuesta de presupuestos para 2022, que contempla destinar 3.800 millones de pesos (188 millones de d\u00f3lares) a la consulta de revocaci\u00f3n.<\/p>\n","protected":false},"excerpt":{"rendered":"<p>El Tribunal Electoral de M\u00e9xico orden\u00f3 este mi\u00e9rcoles al Congreso aprobar una ley que reglamente el refer\u00e9ndum de revocaci\u00f3n del mandato presidencial, una iniciativa impulsada por el propio presidente Andr\u00e9s Manuel L\u00f3pez Obrador. &#8220;El Tribunal Electoral del Poder Judicial de la Federaci\u00f3n determin\u00f3 por mayor\u00eda de 6 votos a favor y uno en contra que [&hellip;]<\/p>\n","protected":false},"author":80,"featured_media":177247,"comment_status":"closed","ping_status":"closed","sticky":false,"template":"","format":"standard","meta":{"footnotes":""},"categories":[36],"tags":[],"class_list":["post-179026","post","type-post","status-publish","format-standard","has-post-thumbnail","hentry","category-nacion"],"_links":{"self":[{"href":"https:\/\/plazajuarez.mx\/historico\/wp-json\/wp\/v2\/posts\/179026","targetHints":{"allow":["GET"]}}],"collection":[{"href":"https:\/\/plazajuarez.mx\/historico\/wp-json\/wp\/v2\/posts"}],"about":[{"href":"https:\/\/plazajuarez.mx\/historico\/wp-json\/wp\/v2\/types\/post"}],"author":[{"embeddable":true,"href":"https:\/\/plazajuarez.mx\/historico\/wp-json\/wp\/v2\/users\/80"}],"replies":[{"embeddable":true,"href":"https:\/\/plazajuarez.mx\/historico\/wp-json\/wp\/v2\/comments?post=179026"}],"version-history":[{"count":0,"href":"https:\/\/plazajuarez.mx\/historico\/wp-json\/wp\/v2\/posts\/179026\/revisions"}],"wp:featuredmedia":[{"embeddable":true,"href":"https:\/\/plazajuarez.mx\/historico\/wp-json\/wp\/v2\/media\/177247"}],"wp:attachment":[{"href":"https:\/\/plazajuarez.mx\/historico\/wp-json\/wp\/v2\/media?parent=179026"}],"wp:term":[{"taxonomy":"category","embeddable":true,"href":"https:\/\/plazajuarez.mx\/historico\/wp-json\/wp\/v2\/categories?post=179026"},{"taxonomy":"post_tag","embeddable":true,"href":"https:\/\/plazajuarez.mx\/historico\/wp-json\/wp\/v2\/tags?post=179026"}],"curies":[{"name":"wp","href":"https:\/\/api.w.org\/{rel}","templated":true}]}}