{"id":179022,"date":"2021-08-25T17:48:41","date_gmt":"2021-08-25T22:48:41","guid":{"rendered":"https:\/\/plazajuarez.mx\/?p=179022"},"modified":"2021-08-25T17:48:55","modified_gmt":"2021-08-25T22:48:55","slug":"covid_19act","status":"publish","type":"post","link":"https:\/\/plazajuarez.mx\/historico\/covid_19act\/","title":{"rendered":"M\u00e9xico registra 986 decesos por Covid en 24 horas"},"content":{"rendered":"\n<p>Al corte de este mi\u00e9rcoles 25 de agosto, M\u00e9xico acumul\u00f3 255 mil 452 muertes por Covid-19, esto es, 986 fallecimientos m\u00e1s que el d\u00eda anterior, inform\u00f3 la Secretar\u00eda de Salud.<\/p>\n\n\n\n<p>Asimismo, se detall\u00f3 que en las \u00faltimas 24 horas el pa\u00eds sum\u00f3 21 mil 250 contagios, para dar un total de 3 millones 271 mil 128 casos confirmados.<\/p>\n\n\n\n<p>Con estas cifras, M\u00e9xico ocupa el lugar 14 a nivel mundial en n\u00famero de contagios y el cuarto puesto como el pa\u00eds con m\u00e1s decesos por la pandemia, detr\u00e1s de Estados Unidos, Brasil y la India, seg\u00fan la Universidad estadounidense Johns Hopkins.<\/p>\n\n\n\n<p>Vacunaci\u00f3n contra Covid-19 en M\u00e9xico. Respecto a los detalles del plan de vacunaci\u00f3n, el subsecretario de Prevenci\u00f3n y Promoci\u00f3n de la Salud, Hugo L\u00f3pez-Gatell, inform\u00f3 a trav\u00e9s de Twitter que el martes 24 de agosto se aplicaron 648 mil 942 dosis de vacunas contra Covid-19.<\/p>\n\n\n\n<p>Detall\u00f3 adem\u00e1s, que desde el inicio de la estrategia nacional de vacunaci\u00f3n se han aplicado en total 81 millones 923 mil 702 dosis de la vacuna.<\/p>\n","protected":false},"excerpt":{"rendered":"<p>Al corte de este mi\u00e9rcoles 25 de agosto, M\u00e9xico acumul\u00f3 255 mil 452 muertes por Covid-19, esto es, 986 fallecimientos m\u00e1s que el d\u00eda anterior, inform\u00f3 la Secretar\u00eda de Salud. Asimismo, se detall\u00f3 que en las \u00faltimas 24 horas el pa\u00eds sum\u00f3 21 mil 250 contagios, para dar un total de 3 millones 271 mil [&hellip;]<\/p>\n","protected":false},"author":81,"featured_media":176049,"comment_status":"closed","ping_status":"closed","sticky":false,"template":"","format":"standard","meta":{"footnotes":""},"categories":[15,36],"tags":[],"class_list":["post-179022","post","type-post","status-publish","format-standard","has-post-thumbnail","hentry","category-destacadas","category-nacion"],"_links":{"self":[{"href":"https:\/\/plazajuarez.mx\/historico\/wp-json\/wp\/v2\/posts\/179022","targetHints":{"allow":["GET"]}}],"collection":[{"href":"https:\/\/plazajuarez.mx\/historico\/wp-json\/wp\/v2\/posts"}],"about":[{"href":"https:\/\/plazajuarez.mx\/historico\/wp-json\/wp\/v2\/types\/post"}],"author":[{"embeddable":true,"href":"https:\/\/plazajuarez.mx\/historico\/wp-json\/wp\/v2\/users\/81"}],"replies":[{"embeddable":true,"href":"https:\/\/plazajuarez.mx\/historico\/wp-json\/wp\/v2\/comments?post=179022"}],"version-history":[{"count":0,"href":"https:\/\/plazajuarez.mx\/historico\/wp-json\/wp\/v2\/posts\/179022\/revisions"}],"wp:featuredmedia":[{"embeddable":true,"href":"https:\/\/plazajuarez.mx\/historico\/wp-json\/wp\/v2\/media\/176049"}],"wp:attachment":[{"href":"https:\/\/plazajuarez.mx\/historico\/wp-json\/wp\/v2\/media?parent=179022"}],"wp:term":[{"taxonomy":"category","embeddable":true,"href":"https:\/\/plazajuarez.mx\/historico\/wp-json\/wp\/v2\/categories?post=179022"},{"taxonomy":"post_tag","embeddable":true,"href":"https:\/\/plazajuarez.mx\/historico\/wp-json\/wp\/v2\/tags?post=179022"}],"curies":[{"name":"wp","href":"https:\/\/api.w.org\/{rel}","templated":true}]}}