{"id":179015,"date":"2021-08-25T17:18:04","date_gmt":"2021-08-25T22:18:04","guid":{"rendered":"https:\/\/plazajuarez.mx\/?p=179015"},"modified":"2021-08-25T17:21:31","modified_gmt":"2021-08-25T22:21:31","slug":"migrantes_eeu","status":"publish","type":"post","link":"https:\/\/plazajuarez.mx\/historico\/migrantes_eeu\/","title":{"rendered":"EE.UU. mantiene conversaciones con M\u00e9xico para restaurar un programa migratorio"},"content":{"rendered":"\n<p>&nbsp;EE.UU. est\u00e1 manteniendo conversaciones con M\u00e9xico para restaurar el programa migratorio por el que las autoridades estadounidenses devolv\u00edan a suelo mexicano a los solicitantes de asilo que llegaban a su territorio en espera de que se resolvieran sus casos, tras una decisi\u00f3n del Tribunal Supremo.<\/p>\n\n\n\n<p>La portavoz de la Casa Blanca, Jen Psaki, explic\u00f3 en su rueda de prensa diaria que el Departamento de Estado, con el apoyo del de Seguridad Nacional, est\u00e1 llevando a cabo conversaciones &#8220;diplom\u00e1ticas&#8221; con el Ejecutivo de M\u00e9xico para cumplir la orden del Supremo.<\/p>\n\n\n\n<p>El martes, la m\u00e1s alta instancia judicial de EE.UU. consider\u00f3 que la Administraci\u00f3n del presidente Joe Biden posiblemente viol\u00f3 la ley federal cuando intent\u00f3 acabar con Permanecer en M\u00e9xico, como se conoce el programa instaurado por el Gobierno de su predecesor Donald Trump (2017-2021) por el que se devolv\u00eda al pa\u00eds vecino a los solicitantes de asilo mientras esperaban a que se resolvieran sus casos.<\/p>\n\n\n\n<p>Con el voto de disenso de tres jueces progresistas, el Supremo rechaz\u00f3 bloquear la decisi\u00f3n de una corte de menor instancia que ordenaba al Ejecutivo de Biden restablecer dicha pol\u00edtica.<\/p>\n\n\n\n<p>Todav\u00eda no est\u00e1 claro a cu\u00e1ntas personas puede afectar esta decisi\u00f3n.<\/p>\n\n\n\n<p>Psaki asegur\u00f3 que su Administraci\u00f3n se opone a ese programa, pero que al mismo tiempo cumplir\u00e1 la orden judicial, y record\u00f3 que cuando estuvo en vigor anteriormente provoc\u00f3 un atasco en la tramitaci\u00f3n de los casos de los demandantes de asilo.<\/p>\n\n\n\n<p>Asimismo, la portavoz record\u00f3 el comunicado emitido anoche por el Departamento de Seguridad Nacional (DHS, en ingl\u00e9s), donde inform\u00f3 de que ha apelado la resoluci\u00f3n de la corte del distrito que el Supremo ha decidido no bloquear.<\/p>\n\n\n\n<p>Biden suspendi\u00f3 en su primer d\u00eda en la Casa Blanca las inscripciones en ese programa, impulsado en enero de 2019 por Trump y por el que Estados Unidos envi\u00f3 a m\u00e1s de 60.000 indocumentados que cruzaron la frontera a esperar durante meses en M\u00e9xico sus citas ante jueces migratorios.<\/p>\n\n\n\n<p>En febrero, el Gobierno de Biden empez\u00f3 a permitir la entrada en Estados Unidos de migrantes con casos activos bajo ese programa y en junio, el Departamento de Seguridad Nacional puso fin definitivamente al programa, muy criticado por organizaciones de derechos humanos.<\/p>\n\n\n\n<p>El pasado 13 de agosto, el juez federal Matthew Kacsmaryk, nominado por Trump para su cargo en una corte de Texas, dio la raz\u00f3n a los fiscales generales de Texas y Misuri, que hab\u00edan demandado a la actual Administraci\u00f3n en abril por su decisi\u00f3n de acabar con el programa.<\/p>\n","protected":false},"excerpt":{"rendered":"<p>&nbsp;EE.UU. est\u00e1 manteniendo conversaciones con M\u00e9xico para restaurar el programa migratorio por el que las autoridades estadounidenses devolv\u00edan a suelo mexicano a los solicitantes de asilo que llegaban a su territorio en espera de que se resolvieran sus casos, tras una decisi\u00f3n del Tribunal Supremo. La portavoz de la Casa Blanca, Jen Psaki, explic\u00f3 en [&hellip;]<\/p>\n","protected":false},"author":80,"featured_media":155916,"comment_status":"closed","ping_status":"closed","sticky":false,"template":"","format":"standard","meta":{"footnotes":""},"categories":[31],"tags":[],"class_list":["post-179015","post","type-post","status-publish","format-standard","has-post-thumbnail","hentry","category-orbe"],"_links":{"self":[{"href":"https:\/\/plazajuarez.mx\/historico\/wp-json\/wp\/v2\/posts\/179015","targetHints":{"allow":["GET"]}}],"collection":[{"href":"https:\/\/plazajuarez.mx\/historico\/wp-json\/wp\/v2\/posts"}],"about":[{"href":"https:\/\/plazajuarez.mx\/historico\/wp-json\/wp\/v2\/types\/post"}],"author":[{"embeddable":true,"href":"https:\/\/plazajuarez.mx\/historico\/wp-json\/wp\/v2\/users\/80"}],"replies":[{"embeddable":true,"href":"https:\/\/plazajuarez.mx\/historico\/wp-json\/wp\/v2\/comments?post=179015"}],"version-history":[{"count":0,"href":"https:\/\/plazajuarez.mx\/historico\/wp-json\/wp\/v2\/posts\/179015\/revisions"}],"wp:featuredmedia":[{"embeddable":true,"href":"https:\/\/plazajuarez.mx\/historico\/wp-json\/wp\/v2\/media\/155916"}],"wp:attachment":[{"href":"https:\/\/plazajuarez.mx\/historico\/wp-json\/wp\/v2\/media?parent=179015"}],"wp:term":[{"taxonomy":"category","embeddable":true,"href":"https:\/\/plazajuarez.mx\/historico\/wp-json\/wp\/v2\/categories?post=179015"},{"taxonomy":"post_tag","embeddable":true,"href":"https:\/\/plazajuarez.mx\/historico\/wp-json\/wp\/v2\/tags?post=179015"}],"curies":[{"name":"wp","href":"https:\/\/api.w.org\/{rel}","templated":true}]}}