{"id":179012,"date":"2021-08-25T17:07:39","date_gmt":"2021-08-25T22:07:39","guid":{"rendered":"https:\/\/plazajuarez.mx\/?p=179012"},"modified":"2021-08-25T17:07:54","modified_gmt":"2021-08-25T22:07:54","slug":"sequia_mexico","status":"publish","type":"post","link":"https:\/\/plazajuarez.mx\/historico\/sequia_mexico\/","title":{"rendered":"Expertos lamentan que M\u00e9xico abandone su compromiso clim\u00e1tico en plena sequ\u00eda"},"content":{"rendered":"\n<p>El Gobierno mexicano &#8220;ha abandonado&#8221; sus compromisos clim\u00e1ticos a pesar de la sequ\u00eda que afecta al pa\u00eds, lamentaron este mi\u00e9rcoles varios expertos que participaron en Infraestructura y agua en M\u00e9xico: retos y desaf\u00edos&#8221;.<\/p>\n\n\n\n<p>\u201cNuestro pa\u00eds, que tuvo un liderazgo en materia del combate al cambio clim\u00e1tico en las pasadas administraciones, pr\u00e1cticamente ha abandonado el camino y los compromisos, lo cual es muy grave\u201d, se\u00f1al\u00f3 Jos\u00e9 Luis Luege, presidente de la asociaci\u00f3n Ciudad Posible.<\/p>\n\n\n\n<p>El foro se realiza despu\u00e9s de que la Comisi\u00f3n Nacional del Agua (Conagua) declar\u00f3 el 11 de agosto el &#8220;inicio de emergencia por ocurrencia de sequ\u00eda severa, extrema o excepcional en cuencas para el a\u00f1o 2021&#8221;.<\/p>\n\n\n\n<p>Por ahora m\u00e1s de un tercio del territorio nacional afronta alg\u00fan tipo de escasez de agua, de acuerdo con el Monitor de Sequ\u00eda, y el fen\u00f3meno ha afectado de forma extraordinaria este a\u00f1o a M\u00e9xico, que en abril y mayo registraba un territorio superior al 80 % con alg\u00fan grado de este problema.<\/p>\n\n\n\n<p>Pero Luege, quien fue titular de la Conagua de 2006 a 2012, denunci\u00f3 la &#8220;falta de sensibilidad&#8221; del actual Gobierno al se\u00f1alar que el presupuesto del organismo se ha reducido y que se han &#8220;desmantelado&#8221; las instituciones p\u00fablicas relacionadas con el medioambiente.<\/p>\n\n\n\n<p>&#8220;Este Gobierno tambi\u00e9n ha abandonado la hoja de ruta (del agua), es decir, vamos sin rumbo, sin camino, no se saben cu\u00e1les son las metas, no se conocen los objetivos y eso no es solamente grave, sino adem\u00e1s triste&#8221;, insisti\u00f3 el experto, quien tambi\u00e9n fue secretario de Medio Ambiente (2005-2006).<\/p>\n\n\n\n<p>El subdirector de Agua Potable, Drenaje y Saneamiento, Jos\u00e9 Mario Esparza, defendi\u00f3 que s\u00ed existe un plan h\u00eddrico nacional.<\/p>\n\n\n\n<p>El funcionario argument\u00f3 que la situaci\u00f3n actual no solo responde a presupuestos, sino a factores clim\u00e1ticos y al abandono de infraestructura de administraciones anteriores.<\/p>\n\n\n\n<p>Puso el ejemplo de que las cerca de 4.000 plantas tratadoras de agua a nivel nacional, solo operan 2.786 por el estado en el que encontraron las instalaciones tras asumir la Administraci\u00f3n en diciembre de 2018.<\/p>\n\n\n\n<p>Asimismo, apunt\u00f3 que, a pesar de que el sector agr\u00edcola concentra m\u00e1s del 75 % del consumo del agua, la industria tambi\u00e9n tiene una responsabilidad, en particular las dedicadas a bebidas.<\/p>\n\n\n\n<p>&#8220;No falta la sensibilidad, se tiene y por lo tanto se est\u00e1n emprendiendo proyectos que se est\u00e1n adaptando a estas nuevas realidades&#8221;, sostuvo Esparza<\/p>\n\n\n\n<p>Los especialistas participantes exhortaron a priorizar la sustentabilidad del agua en el pr\u00f3ximo presupuesto, que se discutir\u00e1 a partir de septiembre en la C\u00e1mara de Diputados.<\/p>\n\n\n\n<p>De lo contrario, se &#8220;prev\u00e9 un escenario complejo en 2022&#8221;, mencion\u00f3 Eduardo V\u00e1zquez, director ejecutivo de la organizaci\u00f3n Agua Capital.<\/p>\n\n\n\n<p>&#8220;Tenemos que planear ante escenarios muy claros de incertidumbre clim\u00e1tica, generar mejores herramientas institucionales y, por supuesto, el tema de los presupuestos&#8221;, manifest\u00f3 el consultor.<\/p>\n","protected":false},"excerpt":{"rendered":"<p>El Gobierno mexicano &#8220;ha abandonado&#8221; sus compromisos clim\u00e1ticos a pesar de la sequ\u00eda que afecta al pa\u00eds, lamentaron este mi\u00e9rcoles varios expertos que participaron en Infraestructura y agua en M\u00e9xico: retos y desaf\u00edos&#8221;. \u201cNuestro pa\u00eds, que tuvo un liderazgo en materia del combate al cambio clim\u00e1tico en las pasadas administraciones, pr\u00e1cticamente ha abandonado el camino [&hellip;]<\/p>\n","protected":false},"author":80,"featured_media":178624,"comment_status":"closed","ping_status":"closed","sticky":false,"template":"","format":"standard","meta":{"footnotes":""},"categories":[36],"tags":[],"class_list":["post-179012","post","type-post","status-publish","format-standard","has-post-thumbnail","hentry","category-nacion"],"_links":{"self":[{"href":"https:\/\/plazajuarez.mx\/historico\/wp-json\/wp\/v2\/posts\/179012","targetHints":{"allow":["GET"]}}],"collection":[{"href":"https:\/\/plazajuarez.mx\/historico\/wp-json\/wp\/v2\/posts"}],"about":[{"href":"https:\/\/plazajuarez.mx\/historico\/wp-json\/wp\/v2\/types\/post"}],"author":[{"embeddable":true,"href":"https:\/\/plazajuarez.mx\/historico\/wp-json\/wp\/v2\/users\/80"}],"replies":[{"embeddable":true,"href":"https:\/\/plazajuarez.mx\/historico\/wp-json\/wp\/v2\/comments?post=179012"}],"version-history":[{"count":0,"href":"https:\/\/plazajuarez.mx\/historico\/wp-json\/wp\/v2\/posts\/179012\/revisions"}],"wp:featuredmedia":[{"embeddable":true,"href":"https:\/\/plazajuarez.mx\/historico\/wp-json\/wp\/v2\/media\/178624"}],"wp:attachment":[{"href":"https:\/\/plazajuarez.mx\/historico\/wp-json\/wp\/v2\/media?parent=179012"}],"wp:term":[{"taxonomy":"category","embeddable":true,"href":"https:\/\/plazajuarez.mx\/historico\/wp-json\/wp\/v2\/categories?post=179012"},{"taxonomy":"post_tag","embeddable":true,"href":"https:\/\/plazajuarez.mx\/historico\/wp-json\/wp\/v2\/tags?post=179012"}],"curies":[{"name":"wp","href":"https:\/\/api.w.org\/{rel}","templated":true}]}}