{"id":179010,"date":"2021-08-25T17:00:35","date_gmt":"2021-08-25T22:00:35","guid":{"rendered":"https:\/\/plazajuarez.mx\/?p=179010"},"modified":"2021-08-25T17:00:45","modified_gmt":"2021-08-25T22:00:45","slug":"mexicana-por-grito-homofobico","status":"publish","type":"post","link":"https:\/\/plazajuarez.mx\/historico\/mexicana-por-grito-homofobico\/","title":{"rendered":"La FIFA reduce sanci\u00f3n a la Federaci\u00f3n Mexicana por grito homof\u00f3bico"},"content":{"rendered":"\n<p>La Federaci\u00f3n Mexicana de F\u00fatbol (FMF) inform\u00f3 este mi\u00e9rcoles que la FIFA le redujo la sanci\u00f3n por el grito homof\u00f3bico, de dos partidos a puerta cerrada a uno, por los &#8220;esfuerzos realizados para erradicar la discriminaci\u00f3n&#8221;.<\/p>\n\n\n\n<p>&#8220;La Comisi\u00f3n de Apelaciones de la FIFA ha resuelto que la sanci\u00f3n impuesta por la Comisi\u00f3n Disciplinaria consistente en dos partidos a puerta cerrada, se reduzca a un solo partido. La sanci\u00f3n se cumplir\u00e1 en el siguiente partido oficial que juegue como local cualquier categor\u00eda de f\u00fatbol once masculino&#8221;, explic\u00f3 la Federaci\u00f3n en un comunicado.<\/p>\n\n\n\n<p>La FMF agreg\u00f3 que el partido en el que se pagar\u00e1 la sanci\u00f3n ser\u00e1 el del 2 de septiembre, cuando la selecci\u00f3n absoluta debuta en las eliminatorias del Mundial Catar 2022 frente a la de Jamaica en el estadio Azteca.<\/p>\n\n\n\n<p>En junio pasado, la FIFA notific\u00f3 a la FMF que sufrir\u00eda una sanci\u00f3n de dos partidos a puerta cerrada porque en el torneo Preol\u00edmpico de la Concacaf, llevado a cabo en marzo en Guadalajara, los aficionados mexicanos expresaron el grito homof\u00f3bico en los partidos ante Rep\u00fablica Dominicana y Estados Unidos.<\/p>\n\n\n\n<p>Adem\u00e1s, la FIFA impuso una multa de 65.000 d\u00f3lares y le adelant\u00f3 a la FMF que estaba bajo investigaci\u00f3n el comportamiento de sus seguidores del partido amistoso ante Islandia, que se jug\u00f3 el pasado 29 de mayo en Arlington, Texas.<\/p>\n\n\n\n<p>Sin embargo, el ente que rige el f\u00fatbol mundial no especific\u00f3 en aquel entonces qu\u00e9 selecci\u00f3n mexicana deb\u00eda pagar el castigo e incluso versiones de la prensa local sugirieron que la FMF pens\u00f3 en pagar alguno de los partidos de castigo con la selecci\u00f3n femenina.<\/p>\n\n\n\n<p>Desde el Mundial de Brasil 2014, la FIFA ha tenido como meta erradicar el grito homof\u00f3bico con multas a la FMF y amenazas de que esta manifestaci\u00f3n discriminatoria podr\u00eda dejarlos fuera de competencias internacionales como un Mundial.<\/p>\n\n\n\n<p>Para tratar de terminar con el grito, la FMF ha realizado campa\u00f1as, se ha aliado con el Consejo Nacional Para Prevenir la Discriminaci\u00f3n y ha recibido el apoyo de la Liga del f\u00fatbol mexicano, que esta temporada cambi\u00f3 el nombre de sus dos torneos a &#8220;Grita M\u00e9xico&#8221; en el que se mandar\u00e1n mensajes contra la discriminaci\u00f3n.<\/p>\n\n\n\n<p>Estas acciones fueron valoradas por la FIFA para reducir el castigo a la FMF de dos partidos sin aficionados a uno.&nbsp;<\/p>\n","protected":false},"excerpt":{"rendered":"<p>La Federaci\u00f3n Mexicana de F\u00fatbol (FMF) inform\u00f3 este mi\u00e9rcoles que la FIFA le redujo la sanci\u00f3n por el grito homof\u00f3bico, de dos partidos a puerta cerrada a uno, por los &#8220;esfuerzos realizados para erradicar la discriminaci\u00f3n&#8221;. &#8220;La Comisi\u00f3n de Apelaciones de la FIFA ha resuelto que la sanci\u00f3n impuesta por la Comisi\u00f3n Disciplinaria consistente en [&hellip;]<\/p>\n","protected":false},"author":80,"featured_media":169338,"comment_status":"closed","ping_status":"closed","sticky":false,"template":"","format":"standard","meta":{"footnotes":""},"categories":[39],"tags":[],"class_list":["post-179010","post","type-post","status-publish","format-standard","has-post-thumbnail","hentry","category-deportiva"],"_links":{"self":[{"href":"https:\/\/plazajuarez.mx\/historico\/wp-json\/wp\/v2\/posts\/179010","targetHints":{"allow":["GET"]}}],"collection":[{"href":"https:\/\/plazajuarez.mx\/historico\/wp-json\/wp\/v2\/posts"}],"about":[{"href":"https:\/\/plazajuarez.mx\/historico\/wp-json\/wp\/v2\/types\/post"}],"author":[{"embeddable":true,"href":"https:\/\/plazajuarez.mx\/historico\/wp-json\/wp\/v2\/users\/80"}],"replies":[{"embeddable":true,"href":"https:\/\/plazajuarez.mx\/historico\/wp-json\/wp\/v2\/comments?post=179010"}],"version-history":[{"count":0,"href":"https:\/\/plazajuarez.mx\/historico\/wp-json\/wp\/v2\/posts\/179010\/revisions"}],"wp:featuredmedia":[{"embeddable":true,"href":"https:\/\/plazajuarez.mx\/historico\/wp-json\/wp\/v2\/media\/169338"}],"wp:attachment":[{"href":"https:\/\/plazajuarez.mx\/historico\/wp-json\/wp\/v2\/media?parent=179010"}],"wp:term":[{"taxonomy":"category","embeddable":true,"href":"https:\/\/plazajuarez.mx\/historico\/wp-json\/wp\/v2\/categories?post=179010"},{"taxonomy":"post_tag","embeddable":true,"href":"https:\/\/plazajuarez.mx\/historico\/wp-json\/wp\/v2\/tags?post=179010"}],"curies":[{"name":"wp","href":"https:\/\/api.w.org\/{rel}","templated":true}]}}