{"id":178998,"date":"2021-08-25T14:34:23","date_gmt":"2021-08-25T19:34:23","guid":{"rendered":"https:\/\/plazajuarez.mx\/?p=178998"},"modified":"2021-08-25T14:34:38","modified_gmt":"2021-08-25T19:34:38","slug":"migrantes_mexico","status":"publish","type":"post","link":"https:\/\/plazajuarez.mx\/historico\/migrantes_mexico\/","title":{"rendered":"Interceptan a 146 migrantes, 50 de ellos menores, en el norte de M\u00e9xico"},"content":{"rendered":"\n<p>Un total de 146 migrantes centroamericanos, 50 de ellos menores de edad, fueron interceptados por miembros de la Guardia Nacional y del Instituto Nacional de Migraci\u00f3n (INM) cuando viajaban en dos autobuses de pasajeros en el estado de Coahuila, en el norte de M\u00e9xico.<\/p>\n\n\n\n<p>En un comunicado conjunto, las instituciones informaron que entre los migrantes se encontraban personas de Guatemala, Honduras, Nicaragua y El Salvador.<\/p>\n\n\n\n<p>Seg\u00fan el reporte, las personas fueron rescatadas en la carretera Zacatecas-Saltillo, luego de que las autoridades ubicaran dos autobuses de pasajeros estacionados con los motores encendidos.<\/p>\n\n\n\n<p>Ambos veh\u00edculos contaban con material adherido en las aletas laterales disminuyendo la visibilidad, lo cual infringe el reglamento de tr\u00e1nsito.<\/p>\n\n\n\n<p>Tras una revisi\u00f3n, en un primer autob\u00fas se localizaron a 80 personas extranjeras, 25 de ellas menores de edad, mientras que en el segundo cami\u00f3n hab\u00eda 66 migrantes, 25 de los cuales eran menores.<\/p>\n\n\n\n<p>Los migrantes fueron traslados a las instalaciones del Instituto Nacional de Migraci\u00f3n (INM) en Coahuila, donde se les proporcion\u00f3 agua y alimentos, mientras esperan asistencia consular para, si es el caso, se garantice el retorno asistido a sus pa\u00edses.<\/p>\n\n\n\n<p>Mientras que los menores migrantes no acompa\u00f1ados y las personas en n\u00facleo familiar fueron canalizados al Sistema para el Desarrollo Integral de la Familia (DIF) en la entidad para su atenci\u00f3n y alojamiento.<\/p>\n\n\n\n<p>Las autoridades indicaron que tanto los conductores de los autobuses como cuatro personas m\u00e1s que iban acompa\u00f1\u00e1ndolos fueron puestos a disposici\u00f3n de la Fiscal\u00eda General de la Rep\u00fablica en el estado.<\/p>\n\n\n\n<p>La migraci\u00f3n aument\u00f3 en M\u00e9xico desde octubre de 2018, cuando caravanas con miles de migrantes, en su mayor\u00eda centroamericanos, comenzaron a ingresar al pa\u00eds para llegar a Estados Unidos.<\/p>\n\n\n\n<p>Con la llegada este a\u00f1o de Joe Biden a la presidencia de Estados Unidos volvi\u00f3 a aumentar el flujo migratorio desde Centroam\u00e9rica hacia ese pa\u00eds ante la expectativa de que levantara las restricciones de su antecesor, Donald Trump.<\/p>\n\n\n\n<p>El cruce de indocumentados no deja de crecer y durante el presente a\u00f1o han sido arrestados m\u00e1s de un mill\u00f3n de migrantes a lo largo de la frontera, mientras miles quedan varados en M\u00e9xico.<\/p>\n\n\n\n<p>Estados Unidos detuvo el pasado julio en su frontera sur a 212.672 indocumentados, la cifra m\u00e1s alta en 20 a\u00f1os.&nbsp;<\/p>\n","protected":false},"excerpt":{"rendered":"<p>Un total de 146 migrantes centroamericanos, 50 de ellos menores de edad, fueron interceptados por miembros de la Guardia Nacional y del Instituto Nacional de Migraci\u00f3n (INM) cuando viajaban en dos autobuses de pasajeros en el estado de Coahuila, en el norte de M\u00e9xico. En un comunicado conjunto, las instituciones informaron que entre los migrantes [&hellip;]<\/p>\n","protected":false},"author":81,"featured_media":178999,"comment_status":"closed","ping_status":"closed","sticky":false,"template":"","format":"standard","meta":{"footnotes":""},"categories":[36],"tags":[],"class_list":["post-178998","post","type-post","status-publish","format-standard","has-post-thumbnail","hentry","category-nacion"],"_links":{"self":[{"href":"https:\/\/plazajuarez.mx\/historico\/wp-json\/wp\/v2\/posts\/178998","targetHints":{"allow":["GET"]}}],"collection":[{"href":"https:\/\/plazajuarez.mx\/historico\/wp-json\/wp\/v2\/posts"}],"about":[{"href":"https:\/\/plazajuarez.mx\/historico\/wp-json\/wp\/v2\/types\/post"}],"author":[{"embeddable":true,"href":"https:\/\/plazajuarez.mx\/historico\/wp-json\/wp\/v2\/users\/81"}],"replies":[{"embeddable":true,"href":"https:\/\/plazajuarez.mx\/historico\/wp-json\/wp\/v2\/comments?post=178998"}],"version-history":[{"count":0,"href":"https:\/\/plazajuarez.mx\/historico\/wp-json\/wp\/v2\/posts\/178998\/revisions"}],"wp:featuredmedia":[{"embeddable":true,"href":"https:\/\/plazajuarez.mx\/historico\/wp-json\/wp\/v2\/media\/178999"}],"wp:attachment":[{"href":"https:\/\/plazajuarez.mx\/historico\/wp-json\/wp\/v2\/media?parent=178998"}],"wp:term":[{"taxonomy":"category","embeddable":true,"href":"https:\/\/plazajuarez.mx\/historico\/wp-json\/wp\/v2\/categories?post=178998"},{"taxonomy":"post_tag","embeddable":true,"href":"https:\/\/plazajuarez.mx\/historico\/wp-json\/wp\/v2\/tags?post=178998"}],"curies":[{"name":"wp","href":"https:\/\/api.w.org\/{rel}","templated":true}]}}