{"id":178991,"date":"2021-08-25T14:14:57","date_gmt":"2021-08-25T19:14:57","guid":{"rendered":"https:\/\/plazajuarez.mx\/?p=178991"},"modified":"2021-08-25T14:15:13","modified_gmt":"2021-08-25T19:15:13","slug":"los-casos-y-muertes-por-covid-19-en-el-mundo-se-estabilizaron-en-la-ultima-semana","status":"publish","type":"post","link":"https:\/\/plazajuarez.mx\/historico\/los-casos-y-muertes-por-covid-19-en-el-mundo-se-estabilizaron-en-la-ultima-semana\/","title":{"rendered":"Los casos y muertes por covid-19 en el mundo se estabilizaron en la \u00faltima semana"},"content":{"rendered":"\n<p>Los casos y las muertes por covid-19 registrados en el mundo se estabilizaron en la \u00faltima semana, tras dos meses de aumento, confirm\u00f3 hoy la Organizaci\u00f3n Mundial de la Salud (OMS) en su \u00faltimo informe epidemiol\u00f3gico.<\/p>\n\n\n\n<p>Am\u00e9rica y la regi\u00f3n del Pac\u00edfico occidental, que incluye a China, algunos pa\u00edses del sudeste asi\u00e1tico, Australia y Nueva Zelanda, se desviaron de la tendencia mundial y continuaron reportando nuevos casos, que se incrementaron en un 8 % y un 20 %, respectivamente.<\/p>\n\n\n\n<p>Ambas regiones, sin embargo, parten de situaciones muy diferentes, pues mientras que la circulaci\u00f3n del virus sigue siendo intensa en el continente americano, los pa\u00edses asi\u00e1ticos y los de Ocean\u00eda han conseguido mantener el contagio en niveles muy bajos.<\/p>\n\n\n\n<p>\u00c1frica y Europa reportaron una incidencia de casos similar a la semana anterior, mientras que el sureste de Asia y los pa\u00edses del Mediterr\u00e1neo oriental -que abarca Oriente Medio- tuvieron una reducci\u00f3n del 16 % y el 10 %, respectivamente, de casos confirmados.<\/p>\n\n\n\n<p>A nivel global, los nuevos casos de covid-19 totalizaron los 4,5 millones en una semana, mientras que los decesos sumaron 68.000, seg\u00fan los datos que ha transmitido la OMS, una cifra similar a la de la semana anterior.<\/p>\n\n\n\n<p>En este \u00e1mbito, Europa y Am\u00e9rica informaron de aumentos en torno al 10 %. En esta misma proporci\u00f3n bajaron los fallecimientos en Africa y el sudeste de Asia.<\/p>\n\n\n\n<p>Los casos acumulados desde el inicio de la pandemia, hace veinte meses, se elevan a 211,3 millones, mientras que los fallecimientos suman 4.422.666.<\/p>\n","protected":false},"excerpt":{"rendered":"<p>Los casos y las muertes por covid-19 registrados en el mundo se estabilizaron en la \u00faltima semana, tras dos meses de aumento, confirm\u00f3 hoy la Organizaci\u00f3n Mundial de la Salud (OMS) en su \u00faltimo informe epidemiol\u00f3gico. Am\u00e9rica y la regi\u00f3n del Pac\u00edfico occidental, que incluye a China, algunos pa\u00edses del sudeste asi\u00e1tico, Australia y Nueva [&hellip;]<\/p>\n","protected":false},"author":80,"featured_media":178992,"comment_status":"closed","ping_status":"closed","sticky":false,"template":"","format":"standard","meta":{"footnotes":""},"categories":[2141,31],"tags":[],"class_list":["post-178991","post","type-post","status-publish","format-standard","has-post-thumbnail","hentry","category-covid-19","category-orbe"],"_links":{"self":[{"href":"https:\/\/plazajuarez.mx\/historico\/wp-json\/wp\/v2\/posts\/178991","targetHints":{"allow":["GET"]}}],"collection":[{"href":"https:\/\/plazajuarez.mx\/historico\/wp-json\/wp\/v2\/posts"}],"about":[{"href":"https:\/\/plazajuarez.mx\/historico\/wp-json\/wp\/v2\/types\/post"}],"author":[{"embeddable":true,"href":"https:\/\/plazajuarez.mx\/historico\/wp-json\/wp\/v2\/users\/80"}],"replies":[{"embeddable":true,"href":"https:\/\/plazajuarez.mx\/historico\/wp-json\/wp\/v2\/comments?post=178991"}],"version-history":[{"count":0,"href":"https:\/\/plazajuarez.mx\/historico\/wp-json\/wp\/v2\/posts\/178991\/revisions"}],"wp:featuredmedia":[{"embeddable":true,"href":"https:\/\/plazajuarez.mx\/historico\/wp-json\/wp\/v2\/media\/178992"}],"wp:attachment":[{"href":"https:\/\/plazajuarez.mx\/historico\/wp-json\/wp\/v2\/media?parent=178991"}],"wp:term":[{"taxonomy":"category","embeddable":true,"href":"https:\/\/plazajuarez.mx\/historico\/wp-json\/wp\/v2\/categories?post=178991"},{"taxonomy":"post_tag","embeddable":true,"href":"https:\/\/plazajuarez.mx\/historico\/wp-json\/wp\/v2\/tags?post=178991"}],"curies":[{"name":"wp","href":"https:\/\/api.w.org\/{rel}","templated":true}]}}