{"id":178983,"date":"2021-08-25T14:12:34","date_gmt":"2021-08-25T19:12:34","guid":{"rendered":"https:\/\/plazajuarez.mx\/?p=178983"},"modified":"2021-08-25T18:08:05","modified_gmt":"2021-08-25T23:08:05","slug":"ecuador","status":"publish","type":"post","link":"https:\/\/plazajuarez.mx\/historico\/ecuador\/","title":{"rendered":"Ecuador y M\u00e9xico iniciar\u00e1n el di\u00e1logo para un TLC &#8220;de inmediato&#8221;, seg\u00fan el canciller Montalvo"},"content":{"rendered":"\n<p>Las negociaciones para un acuerdo de libre comercio entre Ecuador y M\u00e9xico se iniciar\u00e1n de forma &#8220;inmediata&#8221; con la mira puesta en la incorporaci\u00f3n del pa\u00eds andino en la Alianza del Pac\u00edfico, confirm\u00f3 a Efe el canciller ecuatoriano Mauricio Montalvo.<\/p>\n\n\n\n<p>Este mi\u00e9rcoles &#8220;el equipo (del ministro de Producci\u00f3n), Julio Jos\u00e9 Prado, va a empezar a conversar y, de hecho, ya ha estado dialogando con su contraparte, la ministra (mexicana) de Econom\u00eda (Tatiana) Clouthier. As\u00ed que esto es inmediato&#8221;, asever\u00f3.<\/p>\n\n\n\n<p>Y abund\u00f3 que &#8220;la disposici\u00f3n est\u00e1 ya dada y se trabajar\u00e1 de manera formal&#8221;, si bien &#8220;no sabr\u00eda decir cu\u00e1ndo exactamente, pero la disposici\u00f3n es que sea de inmediato&#8221;.<\/p>\n\n\n\n<p><strong>TERMINA LA ESPERA<\/strong><\/p>\n\n\n\n<p>Ecuador estaba pendiente en los \u00faltimos dos meses de una crucial decisi\u00f3n de M\u00e9xico para el reinicio de esas negociaciones, despu\u00e9s de que en junio se reincorporara al mecanismo de la CIADI para el arreglo de diferencias relativas a inversiones internacionales, que bloqueaba el proceso.<\/p>\n\n\n\n<p>Ahora, las partes deber\u00e1n establecer las once mesas de negociaci\u00f3n para abordar cada uno de los aspectos involucrados en el TLC y resolver sus diferencias en materia de inversi\u00f3n, aranceles, productos, tecnicismos y otros aspectos.<\/p>\n\n\n\n<p>Junto con la &#8220;diplomacia de las vacunas&#8221; para acelerar la inoculaci\u00f3n de nueve millones de ecuatorianos hasta 1 de septiembre, el acuerdo con M\u00e9xico ha sido uno de los ejes centrales de la acci\u00f3n exterior del presidente Guillermo Lasso y de sus ministros Montalvo y Prado, que se encuentran tambi\u00e9n en M\u00e9xico.<\/p>\n\n\n\n<p>De ese acuerdo depende que se abra la anhelada v\u00eda hacia la Alianza del Pac\u00edfico, pues el pa\u00eds andino ya tiene acuerdos con Chile, Per\u00fa y Colombia.<\/p>\n\n\n\n<p>&#8220;La disposici\u00f3n de los presidentes es que los equipos negociadores retomen ya sus di\u00e1logos de manera inmediata, ese es un producto concreto del encuentro presidencial&#8221;, insisti\u00f3 el canciller.<\/p>\n\n\n\n<p><strong>CLIMA DE EMPAT\u00cdA<\/strong><\/p>\n\n\n\n<p>Lasso fue este martes invitado del presidente Andr\u00e9s Manuel L\u00f3pez Obrador en la conmemoraci\u00f3n de los 200 a\u00f1os de la firma de los Tratados de C\u00f3rdoba, que establecieron la retirada de las tropas espa\u00f1olas de M\u00e9xico y sirvieron como antesala del Acta de Independencia de ese pa\u00eds, considerado el documento fundador del Estado mexicano.<\/p>\n\n\n\n<p>L\u00f3pez Obrador destac\u00f3 en el acto que &#8220;con la decisi\u00f3n de retomar las negociaciones y el llevarlas a buen puerto, confiamos que Ecuador ingrese como miembro pleno de la Alianza en muy corto plazo&#8221;.<\/p>\n\n\n\n<p>Montalvo confirm\u00f3 que &#8220;consecuencia l\u00f3gica del acuerdo bilateral ser\u00e1 la adhesi\u00f3n de Ecuador como miembro pleno&#8221;, lo cual &#8220;tambi\u00e9n fue se\u00f1alado por ambos mandatarios&#8221;, y que, mientras tanto, su pa\u00eds se incorporar\u00e1 como &#8220;Estado asociado&#8221;.<\/p>\n\n\n\n<p>El encuentro presidencial se celebr\u00f3 en &#8220;un clima de mucha empat\u00eda&#8221;, con &#8220;una inmediata qu\u00edmica favorable entre los dos presidentes&#8221;, lo cual &#8220;favoreci\u00f3 mucho el di\u00e1logo, el acercamiento y el entendimiento&#8221;, a decir del ministro.<\/p>\n\n\n\n<p>El objetivo declarado de Lasso en este viaje conmemorativo hab\u00eda sido tratar el proceso de negociaci\u00f3n con M\u00e9xico y relanzar las relaciones comerciales a nivel bilateral y las inversiones en su pa\u00eds.<\/p>\n\n\n\n<p><strong>DIPLOMACIA DEL ENCUENTRO<\/strong><\/p>\n\n\n\n<p>Con una cartera privada de m\u00e1s de 3.000 millones en diversos sectores, algunos estrat\u00e9gicos, seg\u00fan Montalvo, M\u00e9xico es uno de los principales inversores en el pa\u00eds andino.<\/p>\n\n\n\n<p>El acuerdo entre ambos ha estado sobre el tapete desde que el pol\u00edtico centroderechista ecuatoriano lleg\u00f3 al poder el 24 de mayo, si bien, &#8220;hab\u00eda algunos aspectos que se hab\u00edan estancado&#8221; y &#8220;faltaba la disposici\u00f3n de la parte mexicana para sentarse en la mesa de negociaci\u00f3n&#8221;.<\/p>\n\n\n\n<p>Preguntado por Efe sobre los plazos, Montalvo manifest\u00f3 que &#8220;siempre es un poco especulativo hablar de plazos&#8221;, si bien &#8220;la apuesta de Ecuador es que las negociaciones terminen lo m\u00e1s pronto&#8221;.<\/p>\n\n\n\n<p>&#8220;Esperamos que eso avance y pueda tener un avance fluido, que se concrete r\u00e1pido el acuerdo. Toda mesa de negociaci\u00f3n es un toma y daca, hay que hacer propuestas, hacer ciertas concesiones y llegar a entendimientos&#8221;.<\/p>\n\n\n\n<p>En cualquier caso, ve el logro de hoy como un resultado directo de la &#8220;pol\u00edtica de apertura&#8221; de Lasso, de que &#8220;su pol\u00edtica del &#8216;Ecuador del Encuentro&#8217; es tambi\u00e9n para afuera&#8221; y que, &#8220;m\u00e1s all\u00e1 de las eventuales distinciones pol\u00edticas o ideol\u00f3gicas, hay un af\u00e1n de entendimiento que lo conduce a precisamente tener esta reuni\u00f3n con el presidente L\u00f3pez Obrador y llegar a entendimientos&#8221;.<\/p>\n\n\n\n<p>Y record\u00f3 en ese sentido el acercamiento iniciado con EEUU, China o Rusia para obtener m\u00e1s vacunas, o con Israel para aprender sobre emprendimiento e innovaci\u00f3n.<\/p>\n\n\n\n<p>&#8220;Ecuador no tiene empacho de sentarse y conversar con cualquier otro actor en la arena internacional (..) y seguir\u00e1 haci\u00e9ndolo en los t\u00e9rminos que sean m\u00e1s conveniente para el pa\u00eds&#8221;, concluy\u00f3 el canciller.<\/p>\n","protected":false},"excerpt":{"rendered":"<p>Las negociaciones para un acuerdo de libre comercio entre Ecuador y M\u00e9xico se iniciar\u00e1n de forma &#8220;inmediata&#8221; con la mira puesta en la incorporaci\u00f3n del pa\u00eds andino en la Alianza del Pac\u00edfico, confirm\u00f3 a Efe el canciller ecuatoriano Mauricio Montalvo. Este mi\u00e9rcoles &#8220;el equipo (del ministro de Producci\u00f3n), Julio Jos\u00e9 Prado, va a empezar a [&hellip;]<\/p>\n","protected":false},"author":80,"featured_media":178985,"comment_status":"closed","ping_status":"closed","sticky":false,"template":"","format":"standard","meta":{"footnotes":""},"categories":[15,31],"tags":[],"class_list":["post-178983","post","type-post","status-publish","format-standard","has-post-thumbnail","hentry","category-destacadas","category-orbe"],"_links":{"self":[{"href":"https:\/\/plazajuarez.mx\/historico\/wp-json\/wp\/v2\/posts\/178983","targetHints":{"allow":["GET"]}}],"collection":[{"href":"https:\/\/plazajuarez.mx\/historico\/wp-json\/wp\/v2\/posts"}],"about":[{"href":"https:\/\/plazajuarez.mx\/historico\/wp-json\/wp\/v2\/types\/post"}],"author":[{"embeddable":true,"href":"https:\/\/plazajuarez.mx\/historico\/wp-json\/wp\/v2\/users\/80"}],"replies":[{"embeddable":true,"href":"https:\/\/plazajuarez.mx\/historico\/wp-json\/wp\/v2\/comments?post=178983"}],"version-history":[{"count":0,"href":"https:\/\/plazajuarez.mx\/historico\/wp-json\/wp\/v2\/posts\/178983\/revisions"}],"wp:featuredmedia":[{"embeddable":true,"href":"https:\/\/plazajuarez.mx\/historico\/wp-json\/wp\/v2\/media\/178985"}],"wp:attachment":[{"href":"https:\/\/plazajuarez.mx\/historico\/wp-json\/wp\/v2\/media?parent=178983"}],"wp:term":[{"taxonomy":"category","embeddable":true,"href":"https:\/\/plazajuarez.mx\/historico\/wp-json\/wp\/v2\/categories?post=178983"},{"taxonomy":"post_tag","embeddable":true,"href":"https:\/\/plazajuarez.mx\/historico\/wp-json\/wp\/v2\/tags?post=178983"}],"curies":[{"name":"wp","href":"https:\/\/api.w.org\/{rel}","templated":true}]}}