{"id":178973,"date":"2021-08-25T13:12:27","date_gmt":"2021-08-25T18:12:27","guid":{"rendered":"https:\/\/plazajuarez.mx\/?p=178973"},"modified":"2021-08-25T13:16:45","modified_gmt":"2021-08-25T18:16:45","slug":"mexico_refugiados","status":"publish","type":"post","link":"https:\/\/plazajuarez.mx\/historico\/mexico_refugiados\/","title":{"rendered":"M\u00e9xico recibe a 124 refugiados de Afganist\u00e1n, la mayor\u00eda periodistas"},"content":{"rendered":"\n<p>M\u00e9xico recibi\u00f3 en la madrugada de este mi\u00e9rcoles a 124 refugiados desde Afganist\u00e1n, muchos de ellos periodistas de medios de comunicaci\u00f3n, inform\u00f3 la Secretar\u00eda de Relaciones Exteriores (SRE).<\/p>\n\n\n\n<p>&#8220;Recib\u00ed a reporteros y miembros del staff local de diversos medios que han solicitado visas humanitarias a M\u00e9xico con motivo de los \u00faltimos sucesos en Kabul, Afganist\u00e1n. Llegaron con sus familias, 124 personas en total incluyendo menores de edad, luego de 20 horas de vuelo&#8221;, inform\u00f3 el canciller, Marcelo Ebrard, en un mensaje a Twitter.<\/p>\n\n\n\n<p>Los ciudadanos afganos llegaron en la madrugada de este mi\u00e9rcoles al Aeropuerto Internacional de la Ciudad de M\u00e9xico, donde fueron recibidos por una comitiva encabezada por el canciller.<\/p>\n\n\n\n<p>Durante la llegada de los afganos, Ebrard explic\u00f3 en un mensaje a medios que &#8220;M\u00e9xico ha decidido apoyar las solicitudes de car\u00e1cter humanitario, refugio, asilo, visa humanitaria, para personas en Afganist\u00e1n que han pedido tener esa condici\u00f3n humanitaria&#8221;.<\/p>\n\n\n\n<p>El titular de la Secretar\u00eda de Relaciones Exteriores (SRE) inform\u00f3 que estos refugiados &#8220;especialmente estaban trabajando para diferentes medios de comunicaci\u00f3n, The New York Times y otros medios de comunicaci\u00f3n en Afganist\u00e1n&#8221;.<\/p>\n\n\n\n<p>Apenas unas horas antes de este arribo, el Gobierno de M\u00e9xico recibi\u00f3 a cinco mujeres afganas integrantes de un equipo de rob\u00f3tica, y a la pareja de una de ellas, como parte de las primeras solicitudes de refugio de ciudadanos afganos tras la toma de control del pa\u00eds por los talibanes.<\/p>\n\n\n\n<p>&#8220;La posici\u00f3n que nos ha pedido el presidente de la Rep\u00fablica (Andr\u00e9s Manuel L\u00f3pez Obrador) que mantengamos es acorde a la tradici\u00f3n de M\u00e9xico, en favor del refugio&#8221;, puntualiz\u00f3 Ebrard.<\/p>\n\n\n\n<p>El canciller dijo que M\u00e9xico &#8220;tiene ya m\u00e1s de siglo y medio con esta tradici\u00f3n&#8221; y no pod\u00eda &#8220;en este caso dejar de hacerlo&#8221;.<\/p>\n\n\n\n<p>Especialmente porque el pa\u00eds est\u00e1, asegur\u00f3, &#8220;comprometido con la libertad de expresi\u00f3n, con la libertad y la independencia de la comunicaci\u00f3n&#8221;.<\/p>\n\n\n\n<p>&#8220;De manera que solo me resta decirles que M\u00e9xico los recibe con los brazos abiertos, tendr\u00e1n aqu\u00ed todo el apoyo necesario y vamos a continuar en esta posici\u00f3n humanitaria&#8221;, subray\u00f3 Ebrard al recibir al centenar de refugiados afganos.<\/p>\n\n\n\n<p>Los talibanes tomaron el domingo 15 de agosto el control de Kabul, capital de Afganist\u00e1n, despu\u00e9s de que sus combatientes entraran en la ciudad sin encontrar resistencia y con casi todas las provincias bajo su control, lo que propici\u00f3 la huida del hasta ahora presidente afgano, Ashraf Ghani.<\/p>\n\n\n\n<p>La posici\u00f3n de las mujeres en el nuevo Afganist\u00e1n ha generado enorme inquietud y alarma entre la comunidad internacional ya que durante el r\u00e9gimen talib\u00e1n previo, entre 1996 y 2001, fueron recluidas en el interior del hogar y no se les permiti\u00f3 salir de casa sin la compa\u00f1\u00eda de un hombre.<\/p>\n\n\n\n<p>Varios pa\u00edses del mundo empezaron en los \u00faltimos d\u00edas a recibir refugiados afganos<\/p>\n","protected":false},"excerpt":{"rendered":"<p>M\u00e9xico recibi\u00f3 en la madrugada de este mi\u00e9rcoles a 124 refugiados desde Afganist\u00e1n, muchos de ellos periodistas de medios de comunicaci\u00f3n, inform\u00f3 la Secretar\u00eda de Relaciones Exteriores (SRE). &#8220;Recib\u00ed a reporteros y miembros del staff local de diversos medios que han solicitado visas humanitarias a M\u00e9xico con motivo de los \u00faltimos sucesos en Kabul, Afganist\u00e1n. [&hellip;]<\/p>\n","protected":false},"author":80,"featured_media":178974,"comment_status":"closed","ping_status":"closed","sticky":false,"template":"","format":"standard","meta":{"footnotes":""},"categories":[31],"tags":[],"class_list":["post-178973","post","type-post","status-publish","format-standard","has-post-thumbnail","hentry","category-orbe"],"_links":{"self":[{"href":"https:\/\/plazajuarez.mx\/historico\/wp-json\/wp\/v2\/posts\/178973","targetHints":{"allow":["GET"]}}],"collection":[{"href":"https:\/\/plazajuarez.mx\/historico\/wp-json\/wp\/v2\/posts"}],"about":[{"href":"https:\/\/plazajuarez.mx\/historico\/wp-json\/wp\/v2\/types\/post"}],"author":[{"embeddable":true,"href":"https:\/\/plazajuarez.mx\/historico\/wp-json\/wp\/v2\/users\/80"}],"replies":[{"embeddable":true,"href":"https:\/\/plazajuarez.mx\/historico\/wp-json\/wp\/v2\/comments?post=178973"}],"version-history":[{"count":0,"href":"https:\/\/plazajuarez.mx\/historico\/wp-json\/wp\/v2\/posts\/178973\/revisions"}],"wp:featuredmedia":[{"embeddable":true,"href":"https:\/\/plazajuarez.mx\/historico\/wp-json\/wp\/v2\/media\/178974"}],"wp:attachment":[{"href":"https:\/\/plazajuarez.mx\/historico\/wp-json\/wp\/v2\/media?parent=178973"}],"wp:term":[{"taxonomy":"category","embeddable":true,"href":"https:\/\/plazajuarez.mx\/historico\/wp-json\/wp\/v2\/categories?post=178973"},{"taxonomy":"post_tag","embeddable":true,"href":"https:\/\/plazajuarez.mx\/historico\/wp-json\/wp\/v2\/tags?post=178973"}],"curies":[{"name":"wp","href":"https:\/\/api.w.org\/{rel}","templated":true}]}}