{"id":178959,"date":"2021-08-25T12:28:39","date_gmt":"2021-08-25T17:28:39","guid":{"rendered":"https:\/\/plazajuarez.mx\/?p=178959"},"modified":"2021-08-25T12:28:51","modified_gmt":"2021-08-25T17:28:51","slug":"el-angel-de-la-independencia-se-acicala-para-el-bicentenario-de-mexico","status":"publish","type":"post","link":"https:\/\/plazajuarez.mx\/historico\/el-angel-de-la-independencia-se-acicala-para-el-bicentenario-de-mexico\/","title":{"rendered":"El \u00c1ngel de la Independencia se acicala para el bicentenario de M\u00e9xico"},"content":{"rendered":"\n<p>Con pincel en mano y casi sin descanso, decenas de restauradores trabajan a marchas forzadas para que el emblem\u00e1tico \u00c1ngel de la Independencia se despoje de los da\u00f1os del terremoto del 2017 y pueda coronar esplendoroso el cielo de Ciudad de M\u00e9xico durante los festejos del bicentenario del pa\u00eds.<\/p>\n\n\n\n<p>&#8220;Este es el principal s\u00edmbolo de nuestro pa\u00eds alusivo a la independencia. En ese sentido, por esas fechas debe estar listo todo el conjunto monumental&#8221;, explic\u00f3 este mi\u00e9rcoles a Efe Roberto S\u00e1nchez, miembro del Instituto de Ingenier\u00eda de la Universidad Nacional Aut\u00f3noma de M\u00e9xico (UNAM) y encargado de la rehabilitaci\u00f3n arquitect\u00f3nica.<\/p>\n\n\n\n<p>Mientras unos t\u00e9cnicos desmontan el andamiaje de m\u00e1s de 40 metros que ha cubierto el famoso monumento durante los \u00faltimos dos a\u00f1os, el equipo de restauraci\u00f3n ultima los detalles de los relieves para que todo est\u00e9 listo a partir del 1 de septiembre, mes patrio en que se celebrar\u00e1n los 200 a\u00f1os de la consumaci\u00f3n de la independencia.<\/p>\n\n\n\n<p>&#8220;Sobre todo esta \u00faltima etapa ha sido muy estresante porque ya est\u00e1n quitando los andamios y todav\u00eda hay restauradores trabajando. Vamos a machas forzadas&#8221;, a\u00f1adi\u00f3 el ingeniero.<\/p>\n\n\n\n<p>LISTO PARA SOBREVOLAR TERREMOTOS<\/p>\n\n\n\n<p>El \u00c1ngel, como lo conocen los capitalinos, es una escultura dorada de una victoria alada encima de una columna conmemorativa y un mausoleo inaugurado por el dictador Porfirio D\u00edaz en 1910, cuando se cumplieron los 100 a\u00f1os del inicio de la guerra de independencia.<\/p>\n\n\n\n<p>Levantada en una rotonda del neur\u00e1lgico Paseo de la Reforma y dise\u00f1ada por Antonio Rivas Mercado, con el tiempo se ha convertido en sede improvisada de celebraciones futbol\u00edsticas y en el escenario favorito para las &#8220;selfies&#8221; de los turistas.<\/p>\n\n\n\n<p>Desde sus 45 metros y con una vista privilegiada, la victoria alada ha sido testigo de la historia de M\u00e9xico durante el \u00faltimo siglo, incluido el potente terremoto de 1957 que la tir\u00f3 al suelo.<\/p>\n\n\n\n<p>Tras ese episodio, la columna fue revestida en su interior con un tubo met\u00e1lico que aguant\u00f3 varias d\u00e9cadas hasta el sismo del 19 de septiembre de 2017, que lo cuarte\u00f3.<\/p>\n\n\n\n<p>&#8220;Lo que le daba continuidad se hab\u00eda fracturado. Ante los movimientos laterales, corr\u00eda riesgo la estructura&#8221;, cont\u00f3 el ingeniero, coordinador de los trabajos que comenzaron en agosto de 2019, poco despu\u00e9s de una gran marcha feminista que dej\u00f3 m\u00e1s de 500 pintadas en la base del monumento y que contin\u00faan visibles.<\/p>\n\n\n\n<p>El ingeniero admiti\u00f3 que la tarea comenz\u00f3 tarde y se alarg\u00f3 m\u00e1s de lo previsto por problemas administrativos, t\u00e9cnicos y la pandemia de covid-19, pero el resultado vali\u00f3 la pena.<\/p>\n\n\n\n<p>&#8220;El tema estructural ya est\u00e1 atendido&#8221;, afirm\u00f3 el ingeniero, quien subray\u00f3 que se ha trabajado para que el \u00c1ngel &#8220;en el futuro pueda resistir terremotos&#8221; como los acontecidos.<\/p>\n\n\n\n<p>REVERTIR EL DESGASTE<\/p>\n\n\n\n<p>Los \u00faltimos detalles que se est\u00e1n afinando corresponden a la parte est\u00e9tica, y es que, adem\u00e1s de los da\u00f1os estructurales por el sismo, los relieves de la columna presentaban un fuerte desgaste debido a la lluvia y a la contaminaci\u00f3n.<\/p>\n\n\n\n<p>Los leones que decoran la parte alta del monumento estaban completamente desgastados, faltaban letras de los nombres de los h\u00e9roes de la independencia y las \u00e1guilas hab\u00edan perdido sus alas, u\u00f1as y plumaje desde la \u00faltima restauraci\u00f3n hace 15 a\u00f1os.<\/p>\n\n\n\n<p>&#8220;El agua corre por ah\u00ed y es un elemento que deteriora todo. El viento tambi\u00e9n erosiona&#8221;, explic\u00f3 Carlos Iv\u00e1n Herrera, encargado del del proyecto de restauraci\u00f3n del Instituto Nacional de Bellas Artes (INBA).<\/p>\n\n\n\n<p>Todas esas figuras se han reconstruido con una argamasa muy similar a la cantera y los restauradores apuran ahora los \u00faltimos d\u00edas para pintarlos con un tinte id\u00e9ntico a la roca original.<\/p>\n\n\n\n<p>&#8220;Hay que dejarlo igual para no falsear. La restauraci\u00f3n no pude falsear, ni imitar, ni crear cosas nuevas. Eso lo debemos respetar&#8221;, sostuvo el restaurador.<\/p>\n\n\n\n<p>Lo que no se ha tocado por ahora es la deslumbrante victoria alada, revestida de 25.000 hojas de oro, puesto que no tiene da\u00f1os relevantes.<\/p>\n\n\n\n<p>El jueves est\u00e1 prevista la retirada completa del andamio, aunque todav\u00eda queda trabajo para arreglar las jardineras de la base de la columna.<\/p>\n\n\n\n<p>En ese lugar, permanecen pintadas como &#8220;Viva que te quiero viva&#8221;, &#8220;Cerdos polic\u00edas&#8221; o &#8220;M\u00e9xico feminista&#8221; de la masiva marcha feminista de hace dos a\u00f1os que abri\u00f3 un intenso debate sobre el trato a los monumentos.<\/p>\n\n\n\n<p>Los restauradores los borrar\u00e1n pero pretenden dejar intacto alguno de los mensajes. El \u00c1ngel seguir\u00e1 as\u00ed siendo historia viva de M\u00e9xico.<\/p>\n","protected":false},"excerpt":{"rendered":"<p>Con pincel en mano y casi sin descanso, decenas de restauradores trabajan a marchas forzadas para que el emblem\u00e1tico \u00c1ngel de la Independencia se despoje de los da\u00f1os del terremoto del 2017 y pueda coronar esplendoroso el cielo de Ciudad de M\u00e9xico durante los festejos del bicentenario del pa\u00eds. &#8220;Este es el principal s\u00edmbolo de [&hellip;]<\/p>\n","protected":false},"author":80,"featured_media":178963,"comment_status":"closed","ping_status":"closed","sticky":false,"template":"","format":"standard","meta":{"footnotes":""},"categories":[36,2160],"tags":[],"class_list":["post-178959","post","type-post","status-publish","format-standard","has-post-thumbnail","hentry","category-nacion","category-noticias-de-la-ciudad-de-mexico"],"_links":{"self":[{"href":"https:\/\/plazajuarez.mx\/historico\/wp-json\/wp\/v2\/posts\/178959","targetHints":{"allow":["GET"]}}],"collection":[{"href":"https:\/\/plazajuarez.mx\/historico\/wp-json\/wp\/v2\/posts"}],"about":[{"href":"https:\/\/plazajuarez.mx\/historico\/wp-json\/wp\/v2\/types\/post"}],"author":[{"embeddable":true,"href":"https:\/\/plazajuarez.mx\/historico\/wp-json\/wp\/v2\/users\/80"}],"replies":[{"embeddable":true,"href":"https:\/\/plazajuarez.mx\/historico\/wp-json\/wp\/v2\/comments?post=178959"}],"version-history":[{"count":0,"href":"https:\/\/plazajuarez.mx\/historico\/wp-json\/wp\/v2\/posts\/178959\/revisions"}],"wp:featuredmedia":[{"embeddable":true,"href":"https:\/\/plazajuarez.mx\/historico\/wp-json\/wp\/v2\/media\/178963"}],"wp:attachment":[{"href":"https:\/\/plazajuarez.mx\/historico\/wp-json\/wp\/v2\/media?parent=178959"}],"wp:term":[{"taxonomy":"category","embeddable":true,"href":"https:\/\/plazajuarez.mx\/historico\/wp-json\/wp\/v2\/categories?post=178959"},{"taxonomy":"post_tag","embeddable":true,"href":"https:\/\/plazajuarez.mx\/historico\/wp-json\/wp\/v2\/tags?post=178959"}],"curies":[{"name":"wp","href":"https:\/\/api.w.org\/{rel}","templated":true}]}}