{"id":178943,"date":"2021-08-25T09:22:18","date_gmt":"2021-08-25T14:22:18","guid":{"rendered":"https:\/\/plazajuarez.mx\/?p=178943"},"modified":"2021-08-25T09:22:34","modified_gmt":"2021-08-25T14:22:34","slug":"eva-longoria-termina-de-rodar-su-primera-cinta-como-directora-flamin-hot","status":"publish","type":"post","link":"https:\/\/plazajuarez.mx\/historico\/eva-longoria-termina-de-rodar-su-primera-cinta-como-directora-flamin-hot\/","title":{"rendered":"Eva Longoria termina de rodar su primera cinta como directora, &#8220;Flamin&#8217; Hot&#8221;"},"content":{"rendered":"\n<p>Eva Longoria anunci\u00f3 este lunes que ha terminado en Nuevo M\u00e9xico (EE.UU.) el rodaje de &#8220;Flamin&#8217; Hot&#8221;, su primera pel\u00edcula como directora y con la que quiere rendir homenaje a la poblaci\u00f3n latina.<\/p>\n\n\n\n<p>&#8220;Me siento muy honrada de haber liderado a este equipo para contar una bella historia con la que las personas pueden verse a s\u00ed mismas a trav\u00e9s de estos personajes y con la que pueden inspirarse por la infinita belleza y el infinito talento que son tan ricos en nuestra comunidad&#8221;, asegur\u00f3 en un comunicado.<\/p>\n\n\n\n<p>&#8220;Cada d\u00eda que estuvimos en el set, nuestro incre\u00edble reparto y equipo me recordaron una y otra vez que nuestra comunidad es inteligente, creativa e interminablemente talentosa&#8221;, a\u00f1adi\u00f3.<\/p>\n\n\n\n<p>Aunque ya tiene experiencia en la direcci\u00f3n con series como &#8220;Jane the Virgin&#8221; o &#8220;Grand Hotel&#8221;, esta es la primera pel\u00edcula en la que ser\u00e1 la directora.<\/p>\n\n\n\n<p>&#8220;Flamin&#8217; Hot&#8221; contar\u00e1 la historia de Richard Monta\u00f1ez, que, seg\u00fan su relato, invent\u00f3 el famoso snack Flamin&#8217; Hot Cheetos cuando trabajaba como conserje en la compa\u00f1\u00eda Frito Lay.<\/p>\n\n\n\n<p>El actor Jesse Garcia interpreta a Richard Monta\u00f1ez como parte de un elenco muy latino en el que tambi\u00e9n aparecen Annie Gonzalez, Dennis Haysbert, Emilio Rivera, Tony Shalhoub, Matt Walsh, Pepe Serna, Bobby Soto, Jimmy Gonzales y Brice Gonzalez.<\/p>\n\n\n\n<p>En una entrevista el pasado junio, Longoria dijo que ocupar los puestos de poder en el cine es algo necesario para aumentar la diversidad de Hollywood y para que los latinos tengan m\u00e1s presencia en la industria audiovisual.<\/p>\n\n\n\n<p>&#8220;Pienso que los latinos tenemos que ponernos detr\u00e1s de las c\u00e1maras para crear m\u00e1s oportunidades para nuestra comunidad. Tenemos que ser directores, guionistas y productores&#8221;, argument\u00f3.<\/p>\n","protected":false},"excerpt":{"rendered":"<p>Eva Longoria anunci\u00f3 este lunes que ha terminado en Nuevo M\u00e9xico (EE.UU.) el rodaje de &#8220;Flamin&#8217; Hot&#8221;, su primera pel\u00edcula como directora y con la que quiere rendir homenaje a la poblaci\u00f3n latina. &#8220;Me siento muy honrada de haber liderado a este equipo para contar una bella historia con la que las personas pueden verse [&hellip;]<\/p>\n","protected":false},"author":80,"featured_media":178954,"comment_status":"closed","ping_status":"closed","sticky":false,"template":"","format":"standard","meta":{"footnotes":""},"categories":[38],"tags":[],"class_list":["post-178943","post","type-post","status-publish","format-standard","has-post-thumbnail","hentry","category-show"],"_links":{"self":[{"href":"https:\/\/plazajuarez.mx\/historico\/wp-json\/wp\/v2\/posts\/178943","targetHints":{"allow":["GET"]}}],"collection":[{"href":"https:\/\/plazajuarez.mx\/historico\/wp-json\/wp\/v2\/posts"}],"about":[{"href":"https:\/\/plazajuarez.mx\/historico\/wp-json\/wp\/v2\/types\/post"}],"author":[{"embeddable":true,"href":"https:\/\/plazajuarez.mx\/historico\/wp-json\/wp\/v2\/users\/80"}],"replies":[{"embeddable":true,"href":"https:\/\/plazajuarez.mx\/historico\/wp-json\/wp\/v2\/comments?post=178943"}],"version-history":[{"count":0,"href":"https:\/\/plazajuarez.mx\/historico\/wp-json\/wp\/v2\/posts\/178943\/revisions"}],"wp:featuredmedia":[{"embeddable":true,"href":"https:\/\/plazajuarez.mx\/historico\/wp-json\/wp\/v2\/media\/178954"}],"wp:attachment":[{"href":"https:\/\/plazajuarez.mx\/historico\/wp-json\/wp\/v2\/media?parent=178943"}],"wp:term":[{"taxonomy":"category","embeddable":true,"href":"https:\/\/plazajuarez.mx\/historico\/wp-json\/wp\/v2\/categories?post=178943"},{"taxonomy":"post_tag","embeddable":true,"href":"https:\/\/plazajuarez.mx\/historico\/wp-json\/wp\/v2\/tags?post=178943"}],"curies":[{"name":"wp","href":"https:\/\/api.w.org\/{rel}","templated":true}]}}