{"id":178942,"date":"2021-08-25T09:16:44","date_gmt":"2021-08-25T14:16:44","guid":{"rendered":"https:\/\/plazajuarez.mx\/?p=178942"},"modified":"2021-08-25T09:16:56","modified_gmt":"2021-08-25T14:16:56","slug":"matias-almeyda-anuncia-que-estara-con-las-chivas","status":"publish","type":"post","link":"https:\/\/plazajuarez.mx\/historico\/matias-almeyda-anuncia-que-estara-con-las-chivas\/","title":{"rendered":"Mat\u00edas Almeyda anuncia que estar\u00e1 con las Chivas"},"content":{"rendered":"\n<p>Mat\u00edas Almeyda, ex t\u00e9cnico de las Chivas, anunci\u00f3 que jugar\u00e1 con las leyendas del Reba\u00f1o, en un partido que se disputar\u00e1 el s\u00e1bado en Napa, California.<\/p>\n\n\n\n<p>En un video posteado en Twitter, aparece el &#8216;Pelado&#8217; confirmando su presencia en el partido de exhibici\u00f3n y asegurando que cumplir\u00e1 un sue\u00f1o al ponerse la playera de los Rojiblancos, ahora como jugador.<\/p>\n\n\n\n<p>&#8220;Estoy apunto de cumplir un sue\u00f1o, de jugar para las Chivas. Este s\u00e1bado nos vemos en Napa Valley con un grupo de exjugadores que han marcado historia en estas Chivas. Con mucho honor y mucho gusto, nos veremos ah\u00ed. Espero que ese estadio se llene&#8221;, dijo Almeyda.<\/p>\n\n\n\n<p>El duelo ser\u00e1 ante el equipo de Napa Valley y se disputar\u00e1 en el Memorial Stadium.<\/p>\n\n\n\n<p>Almeyda aprovechar\u00e1 la pausa de la MLS, ya que el futbol en Estados Unidos regresa hasta el 4 de septiembre.<\/p>\n","protected":false},"excerpt":{"rendered":"<p>Mat\u00edas Almeyda, ex t\u00e9cnico de las Chivas, anunci\u00f3 que jugar\u00e1 con las leyendas del Reba\u00f1o, en un partido que se disputar\u00e1 el s\u00e1bado en Napa, California. En un video posteado en Twitter, aparece el &#8216;Pelado&#8217; confirmando su presencia en el partido de exhibici\u00f3n y asegurando que cumplir\u00e1 un sue\u00f1o al ponerse la playera de los [&hellip;]<\/p>\n","protected":false},"author":81,"featured_media":178946,"comment_status":"closed","ping_status":"closed","sticky":false,"template":"","format":"standard","meta":{"footnotes":""},"categories":[39],"tags":[],"class_list":["post-178942","post","type-post","status-publish","format-standard","has-post-thumbnail","hentry","category-deportiva"],"_links":{"self":[{"href":"https:\/\/plazajuarez.mx\/historico\/wp-json\/wp\/v2\/posts\/178942","targetHints":{"allow":["GET"]}}],"collection":[{"href":"https:\/\/plazajuarez.mx\/historico\/wp-json\/wp\/v2\/posts"}],"about":[{"href":"https:\/\/plazajuarez.mx\/historico\/wp-json\/wp\/v2\/types\/post"}],"author":[{"embeddable":true,"href":"https:\/\/plazajuarez.mx\/historico\/wp-json\/wp\/v2\/users\/81"}],"replies":[{"embeddable":true,"href":"https:\/\/plazajuarez.mx\/historico\/wp-json\/wp\/v2\/comments?post=178942"}],"version-history":[{"count":0,"href":"https:\/\/plazajuarez.mx\/historico\/wp-json\/wp\/v2\/posts\/178942\/revisions"}],"wp:featuredmedia":[{"embeddable":true,"href":"https:\/\/plazajuarez.mx\/historico\/wp-json\/wp\/v2\/media\/178946"}],"wp:attachment":[{"href":"https:\/\/plazajuarez.mx\/historico\/wp-json\/wp\/v2\/media?parent=178942"}],"wp:term":[{"taxonomy":"category","embeddable":true,"href":"https:\/\/plazajuarez.mx\/historico\/wp-json\/wp\/v2\/categories?post=178942"},{"taxonomy":"post_tag","embeddable":true,"href":"https:\/\/plazajuarez.mx\/historico\/wp-json\/wp\/v2\/tags?post=178942"}],"curies":[{"name":"wp","href":"https:\/\/api.w.org\/{rel}","templated":true}]}}