{"id":178941,"date":"2021-08-25T09:09:42","date_gmt":"2021-08-25T14:09:42","guid":{"rendered":"https:\/\/plazajuarez.mx\/?p=178941"},"modified":"2021-08-25T09:10:04","modified_gmt":"2021-08-25T14:10:04","slug":"raul-jimenez-le-dice-adios-al-tri","status":"publish","type":"post","link":"https:\/\/plazajuarez.mx\/historico\/raul-jimenez-le-dice-adios-al-tri\/","title":{"rendered":"Ra\u00fal Jim\u00e9nez le dice adi\u00f3s al Tri"},"content":{"rendered":"\n<p>Malas noticias para la Selecci\u00f3n Mexicana de cara a la siguiente Fecha FIFA en las que iniciar\u00e1 su camino en las eliminatorias mundialistas rumbo a Qatar 2022. El estratega Gerardo Martino no podr\u00e1 contar una vez m\u00e1s con el delantero Ra\u00fal Jim\u00e9nez.<\/p>\n\n\n\n<p>Esta vez no ser\u00e1 por motivos f\u00edsico, sino porque la Premier League decidi\u00f3 que no prestar\u00e1n a cerca de 60 futbolistas convocados para disputar partidos internacionales en la primera semana de septiembre, esto debido a que hay ciertos pa\u00edses que son clasificados en zona de riesgo por el Covid-19.<\/p>\n\n\n\n<p>Esto obligar\u00eda a los jugadores a tener una cuarentena obligatoria en su regreso. La decisi\u00f3n, tomada &#8220;a rega\u00f1adientes pero por unanimidad&#8221;, afecta a &#8220;unos 60 jugadores (&#8230;) que deb\u00edan viajar a 26 pa\u00edses de la lista roja&#8221; del gobierno ingl\u00e9s, precis\u00f3 la liga, argumentando que ser\u00eda &#8220;totalmente irrazonable en las circunstancias actuales&#8221;, seg\u00fan su presidente, Richard Masters, citado en el comunicado.<\/p>\n\n\n\n<p>Desde hace algunas semanas, el gobierno brit\u00e1nica puso a M\u00e9xico como pa\u00eds de riesgo, lo que afecta a la convocatoria del mexicano del Wolverhampton. El Tricolor debutar\u00e1 en las eliminatorias mundialistas el 2 de septiembre ante Jamaica, posteriormente visitar\u00e1 a Costa Rica y Panam\u00e1 el 5 y 8 de septiembre, respectivamente. Dichos pa\u00edses centroamericanos tambi\u00e9n est\u00e1n en la lista roja de la Gran Breta\u00f1a.<\/p>\n","protected":false},"excerpt":{"rendered":"<p>Malas noticias para la Selecci\u00f3n Mexicana de cara a la siguiente Fecha FIFA en las que iniciar\u00e1 su camino en las eliminatorias mundialistas rumbo a Qatar 2022. El estratega Gerardo Martino no podr\u00e1 contar una vez m\u00e1s con el delantero Ra\u00fal Jim\u00e9nez. Esta vez no ser\u00e1 por motivos f\u00edsico, sino porque la Premier League decidi\u00f3 [&hellip;]<\/p>\n","protected":false},"author":81,"featured_media":178944,"comment_status":"closed","ping_status":"closed","sticky":false,"template":"","format":"standard","meta":{"footnotes":""},"categories":[39],"tags":[],"class_list":["post-178941","post","type-post","status-publish","format-standard","has-post-thumbnail","hentry","category-deportiva"],"_links":{"self":[{"href":"https:\/\/plazajuarez.mx\/historico\/wp-json\/wp\/v2\/posts\/178941","targetHints":{"allow":["GET"]}}],"collection":[{"href":"https:\/\/plazajuarez.mx\/historico\/wp-json\/wp\/v2\/posts"}],"about":[{"href":"https:\/\/plazajuarez.mx\/historico\/wp-json\/wp\/v2\/types\/post"}],"author":[{"embeddable":true,"href":"https:\/\/plazajuarez.mx\/historico\/wp-json\/wp\/v2\/users\/81"}],"replies":[{"embeddable":true,"href":"https:\/\/plazajuarez.mx\/historico\/wp-json\/wp\/v2\/comments?post=178941"}],"version-history":[{"count":0,"href":"https:\/\/plazajuarez.mx\/historico\/wp-json\/wp\/v2\/posts\/178941\/revisions"}],"wp:featuredmedia":[{"embeddable":true,"href":"https:\/\/plazajuarez.mx\/historico\/wp-json\/wp\/v2\/media\/178944"}],"wp:attachment":[{"href":"https:\/\/plazajuarez.mx\/historico\/wp-json\/wp\/v2\/media?parent=178941"}],"wp:term":[{"taxonomy":"category","embeddable":true,"href":"https:\/\/plazajuarez.mx\/historico\/wp-json\/wp\/v2\/categories?post=178941"},{"taxonomy":"post_tag","embeddable":true,"href":"https:\/\/plazajuarez.mx\/historico\/wp-json\/wp\/v2\/tags?post=178941"}],"curies":[{"name":"wp","href":"https:\/\/api.w.org\/{rel}","templated":true}]}}