{"id":178930,"date":"2021-08-25T09:03:16","date_gmt":"2021-08-25T14:03:16","guid":{"rendered":"https:\/\/plazajuarez.mx\/?p=178930"},"modified":"2021-08-25T09:03:29","modified_gmt":"2021-08-25T14:03:29","slug":"despiden-a-la-periodista-cultural-elda-maceda","status":"publish","type":"post","link":"https:\/\/plazajuarez.mx\/historico\/despiden-a-la-periodista-cultural-elda-maceda\/","title":{"rendered":"Despiden a la periodista cultural Elda Maceda"},"content":{"rendered":"\n<p>Colegas e instituciones dieron el \u00faltimo adi\u00f3s a Elda Maceda (21 de enero de 1955 \u2013 21 de agosto de 2021), decana del periodismo cultural en M\u00e9xico que falleci\u00f3 el lunes por la tarde a los 66 a\u00f1os.&nbsp;<\/p>\n\n\n\n<p>Las secretar\u00edas de Cultura federal y de la Ciudad de M\u00e9xico, as\u00ed como la Coordinaci\u00f3n de Difusi\u00f3n Cultural de la UNAM y el Instituto Nacional de Bellas Artes y Literatura (INBAL) fueron algunas de las instituciones que lamentaron el deceso.&nbsp;<\/p>\n\n\n\n<p>&#8220;La Secretar\u00eda de Cultura lamenta el sensible fallecimiento de Elda Maceda, periodista cultural que colabor\u00f3 en @bellasartesinba y en esta instituci\u00f3n&#8221;, dijo la dependencia a trav\u00e9s de redes sociales.&nbsp;<\/p>\n\n\n\n<p>Por medio de un comunicado difundido por la Secretar\u00eda de Cultura federal, su titular, Alejandra Frusto, lament\u00f3 el deceso, pues dijo, ello implica una p\u00e9rdida para el periodismo cultural del pa\u00eds: &#8220;Su paso en este camino siempre fue claro, contundente y firme en favor de la difusi\u00f3n de la cultura y las artes de M\u00e9xico. Enviamos un abrazo solidario a sus familiares, amistades y colegas&#8221;.&nbsp;<\/p>\n\n\n\n<p>En el documento, la dependencia resalt\u00f3 que Elda Maceda fue pionera del periodismo cultural en M\u00e9xico, formadora de periodistas, as\u00ed como una de las fundadoras de la primera oficina de prensa del INBAL.&nbsp;<\/p>\n\n\n\n<p>Elda Maceda D\u00edaz naci\u00f3 en Acapulco, Guerrero, y luego se traslad\u00f3 a la Ciudad de M\u00e9xico para estudiar la licenciatura en Periodismo y Comunicaci\u00f3n Colectiva, en la Facultad de Ciencias Pol\u00edticas y Sociales de la UNAM.&nbsp;<\/p>\n\n\n\n<p>Por cerca de 17 a\u00f1os ejerci\u00f3 el periodismo cultural en EL UNIVERSAL, pero tambi\u00e9n se desempe\u00f1\u00f3 en el \u00e1rea de comunicaci\u00f3n social de la m\u00e1xima casa de estudios y como colaboradora en la Direcci\u00f3n General de Vinculaci\u00f3n Cultural, de la Secretar\u00eda de Cultura federal, como parte del equipo de comunicaci\u00f3n social.<\/p>\n\n\n\n<p>Lucina Jim\u00e9nez, directora del INBAL, destac\u00f3 que Maceda fue una &#8220;conocedora, paciente, y entregada&#8221; periodista que comparti\u00f3 su conocimiento con los j\u00f3venes.&nbsp;<\/p>\n\n\n\n<p>Por su parte, Difusi\u00f3n Cultural de la UNAM dijo que Elda fue &#8220;amable en el trato y estricta en el ejercicio profesional&#8221;, lo que le vali\u00f3 la admiraci\u00f3n tanto de sus colegas como de diferentes artistas.&nbsp;<\/p>\n\n\n\n<p>Adem\u00e1s de las instituciones, periodistas de diversos medios de comunicaci\u00f3n compartieron algunas an\u00e9cdotas y fotograf\u00edas junto a Elda Maceda.&nbsp;<\/p>\n","protected":false},"excerpt":{"rendered":"<p>Colegas e instituciones dieron el \u00faltimo adi\u00f3s a Elda Maceda (21 de enero de 1955 \u2013 21 de agosto de 2021), decana del periodismo cultural en M\u00e9xico que falleci\u00f3 el lunes por la tarde a los 66 a\u00f1os.&nbsp; Las secretar\u00edas de Cultura federal y de la Ciudad de M\u00e9xico, as\u00ed como la Coordinaci\u00f3n de Difusi\u00f3n [&hellip;]<\/p>\n","protected":false},"author":81,"featured_media":178935,"comment_status":"closed","ping_status":"closed","sticky":false,"template":"","format":"standard","meta":{"footnotes":""},"categories":[41],"tags":[],"class_list":["post-178930","post","type-post","status-publish","format-standard","has-post-thumbnail","hentry","category-arteria-cultural"],"_links":{"self":[{"href":"https:\/\/plazajuarez.mx\/historico\/wp-json\/wp\/v2\/posts\/178930","targetHints":{"allow":["GET"]}}],"collection":[{"href":"https:\/\/plazajuarez.mx\/historico\/wp-json\/wp\/v2\/posts"}],"about":[{"href":"https:\/\/plazajuarez.mx\/historico\/wp-json\/wp\/v2\/types\/post"}],"author":[{"embeddable":true,"href":"https:\/\/plazajuarez.mx\/historico\/wp-json\/wp\/v2\/users\/81"}],"replies":[{"embeddable":true,"href":"https:\/\/plazajuarez.mx\/historico\/wp-json\/wp\/v2\/comments?post=178930"}],"version-history":[{"count":0,"href":"https:\/\/plazajuarez.mx\/historico\/wp-json\/wp\/v2\/posts\/178930\/revisions"}],"wp:featuredmedia":[{"embeddable":true,"href":"https:\/\/plazajuarez.mx\/historico\/wp-json\/wp\/v2\/media\/178935"}],"wp:attachment":[{"href":"https:\/\/plazajuarez.mx\/historico\/wp-json\/wp\/v2\/media?parent=178930"}],"wp:term":[{"taxonomy":"category","embeddable":true,"href":"https:\/\/plazajuarez.mx\/historico\/wp-json\/wp\/v2\/categories?post=178930"},{"taxonomy":"post_tag","embeddable":true,"href":"https:\/\/plazajuarez.mx\/historico\/wp-json\/wp\/v2\/tags?post=178930"}],"curies":[{"name":"wp","href":"https:\/\/api.w.org\/{rel}","templated":true}]}}