{"id":178921,"date":"2021-08-25T08:56:45","date_gmt":"2021-08-25T13:56:45","guid":{"rendered":"https:\/\/plazajuarez.mx\/?p=178921"},"modified":"2021-08-25T08:57:02","modified_gmt":"2021-08-25T13:57:02","slug":"la-pgjeh-obtiene-una-sentencia-de-9-anos-de-prision","status":"publish","type":"post","link":"https:\/\/plazajuarez.mx\/historico\/la-pgjeh-obtiene-una-sentencia-de-9-anos-de-prision\/","title":{"rendered":"La PGJEH obtiene una sentencia de 9 a\u00f1os de prisi\u00f3n"},"content":{"rendered":"\n<p>Resultado de las pruebas aportadas por la Procuradur\u00eda General de Justicia del estado de Hidalgo (PGJEH), se acredit\u00f3 la plena responsabilidad de una persona en los hechos que la ley se\u00f1ala como abuso sexual agravado y lesiones, cometidos contra una persona menor de edad, motivo por el que la autoridad judicial sentenci\u00f3 a una persona a 9 a\u00f1os de prisi\u00f3n.<\/p>\n\n\n\n<p>Los hechos que le fueron imputados a Anadir \u201cN\u201d ocurrieron el 19 de mayo del 2019 en Tulancingo de Bravo, cuando agredi\u00f3 sexualmente a la v\u00edctima, caus\u00e1ndole lesiones.<\/p>\n\n\n\n<p>De lo sucedido tuvo conocimiento la PGJEH a trav\u00e9s de la Subprocuradur\u00eda de Derechos Humanos y Servicios a la Comunidad, despu\u00e9s de que la persona afectada acudiera a denunciar y se iniciara la carpeta de investigaci\u00f3n correspondiente.<\/p>\n\n\n\n<p>Una vez que se brind\u00f3 atenci\u00f3n multidisciplinaria a la agraviada, una agente del Ministerio P\u00fablico dirigi\u00f3 las investigaciones para obtener los datos probatorios contra Anadir \u201cN\u201d, quien en audiencia inicial fue vinculado a proceso por el juez de control.<\/p>\n\n\n\n<p>Durante el desarrollo de la audiencia de juicio oral, el tribunal de enjuiciamiento valor\u00f3 las pruebas aportadas por el Ministerio P\u00fablico durante las distintas etapas del proceso, deliberando una sentencia condenatoria por el delito de abuso sexual agravado y lesiones.<\/p>\n\n\n\n<p>En la audiencia de individualizaci\u00f3n de sanciones y reparaci\u00f3n del da\u00f1o, la autoridad judicial impuso a Anadir \u201cN\u201d, una condena privativa de la libertad de 9 a\u00f1os de prisi\u00f3n, as\u00ed como una multa econ\u00f3mica y la reparaci\u00f3n del da\u00f1o, adem\u00e1s de la suspensi\u00f3n de sus derechos pol\u00edticos.<\/p>\n","protected":false},"excerpt":{"rendered":"<p>Resultado de las pruebas aportadas por la Procuradur\u00eda General de Justicia del estado de Hidalgo (PGJEH), se acredit\u00f3 la plena responsabilidad de una persona en los hechos que la ley se\u00f1ala como abuso sexual agravado y lesiones, cometidos contra una persona menor de edad, motivo por el que la autoridad judicial sentenci\u00f3 a una persona [&hellip;]<\/p>\n","protected":false},"author":93,"featured_media":178928,"comment_status":"closed","ping_status":"closed","sticky":false,"template":"","format":"standard","meta":{"footnotes":""},"categories":[37],"tags":[],"class_list":["post-178921","post","type-post","status-publish","format-standard","has-post-thumbnail","hentry","category-barandilla"],"_links":{"self":[{"href":"https:\/\/plazajuarez.mx\/historico\/wp-json\/wp\/v2\/posts\/178921","targetHints":{"allow":["GET"]}}],"collection":[{"href":"https:\/\/plazajuarez.mx\/historico\/wp-json\/wp\/v2\/posts"}],"about":[{"href":"https:\/\/plazajuarez.mx\/historico\/wp-json\/wp\/v2\/types\/post"}],"author":[{"embeddable":true,"href":"https:\/\/plazajuarez.mx\/historico\/wp-json\/wp\/v2\/users\/93"}],"replies":[{"embeddable":true,"href":"https:\/\/plazajuarez.mx\/historico\/wp-json\/wp\/v2\/comments?post=178921"}],"version-history":[{"count":0,"href":"https:\/\/plazajuarez.mx\/historico\/wp-json\/wp\/v2\/posts\/178921\/revisions"}],"wp:featuredmedia":[{"embeddable":true,"href":"https:\/\/plazajuarez.mx\/historico\/wp-json\/wp\/v2\/media\/178928"}],"wp:attachment":[{"href":"https:\/\/plazajuarez.mx\/historico\/wp-json\/wp\/v2\/media?parent=178921"}],"wp:term":[{"taxonomy":"category","embeddable":true,"href":"https:\/\/plazajuarez.mx\/historico\/wp-json\/wp\/v2\/categories?post=178921"},{"taxonomy":"post_tag","embeddable":true,"href":"https:\/\/plazajuarez.mx\/historico\/wp-json\/wp\/v2\/tags?post=178921"}],"curies":[{"name":"wp","href":"https:\/\/api.w.org\/{rel}","templated":true}]}}