{"id":178907,"date":"2021-08-25T07:32:37","date_gmt":"2021-08-25T12:32:37","guid":{"rendered":"https:\/\/plazajuarez.mx\/?p=178907"},"modified":"2021-08-25T07:32:44","modified_gmt":"2021-08-25T12:32:44","slug":"organizaciones-se-oponen-a-que-habib-sea-procurador","status":"publish","type":"post","link":"https:\/\/plazajuarez.mx\/historico\/organizaciones-se-oponen-a-que-habib-sea-procurador\/","title":{"rendered":"Organizaciones se oponen a que Habib sea procurador"},"content":{"rendered":"\n<p><strong>Ixmiquilpan<\/strong>.- La organizaci\u00f3n Mujeres con Poder, el Movimiento Ind\u00edgena Otom\u00ed (MIO) y Movimiento Social Patri\u00f3tico (MSP), se pronunciaron en contra de la probable designaci\u00f3n de Alejandro Habib Nicol\u00e1s, como procurador de Hidalgo.\u00a0<\/p>\n\n\n\n<p>Formalmente, solicitaron a los diputados locales, reconsiderar esta posible decisi\u00f3n, la raz\u00f3n es porque el a\u00fan presidente de la Comisi\u00f3n de Derechos Humanos del Estado de Hidalgo (CDHEH), enfrenta dos quejas por parte de la Comisi\u00f3n Nacional de Derechos Humanos (CNDH).&nbsp;<\/p>\n\n\n\n<p>Lo acusan de archivar casos, de no velar por el inter\u00e9s p\u00fablico y especialmente, el de los derechos fundamentales, por lo que estar\u00eda en duda su papel frente a la PGJEH, puesto que nuevamente se pondr\u00eda en manos de alguien con intereses pol\u00edticos, la procuraci\u00f3n de la justicia.&nbsp;<\/p>\n\n\n\n<p>El documento, fue enviado a los legisladores, para que estudien todos los casos de la terna que fue presentada por el gobernador, Omar Fayad y que ha comenzado el estudio de los perfiles de cada uno de los candidatos.<\/p>\n","protected":false},"excerpt":{"rendered":"<p>Ixmiquilpan.- La organizaci\u00f3n Mujeres con Poder, el Movimiento Ind\u00edgena Otom\u00ed (MIO) y Movimiento Social Patri\u00f3tico (MSP), se pronunciaron en contra de la probable designaci\u00f3n de Alejandro Habib Nicol\u00e1s, como procurador de Hidalgo.\u00a0 Formalmente, solicitaron a los diputados locales, reconsiderar esta posible decisi\u00f3n, la raz\u00f3n es porque el a\u00fan presidente de la Comisi\u00f3n de Derechos Humanos [&hellip;]<\/p>\n","protected":false},"author":75,"featured_media":178908,"comment_status":"closed","ping_status":"closed","sticky":false,"template":"","format":"standard","meta":{"footnotes":""},"categories":[2159,40],"tags":[],"class_list":["post-178907","post","type-post","status-publish","format-standard","has-post-thumbnail","hentry","category-noticias-de-hidalgo","category-region"],"_links":{"self":[{"href":"https:\/\/plazajuarez.mx\/historico\/wp-json\/wp\/v2\/posts\/178907","targetHints":{"allow":["GET"]}}],"collection":[{"href":"https:\/\/plazajuarez.mx\/historico\/wp-json\/wp\/v2\/posts"}],"about":[{"href":"https:\/\/plazajuarez.mx\/historico\/wp-json\/wp\/v2\/types\/post"}],"author":[{"embeddable":true,"href":"https:\/\/plazajuarez.mx\/historico\/wp-json\/wp\/v2\/users\/75"}],"replies":[{"embeddable":true,"href":"https:\/\/plazajuarez.mx\/historico\/wp-json\/wp\/v2\/comments?post=178907"}],"version-history":[{"count":0,"href":"https:\/\/plazajuarez.mx\/historico\/wp-json\/wp\/v2\/posts\/178907\/revisions"}],"wp:featuredmedia":[{"embeddable":true,"href":"https:\/\/plazajuarez.mx\/historico\/wp-json\/wp\/v2\/media\/178908"}],"wp:attachment":[{"href":"https:\/\/plazajuarez.mx\/historico\/wp-json\/wp\/v2\/media?parent=178907"}],"wp:term":[{"taxonomy":"category","embeddable":true,"href":"https:\/\/plazajuarez.mx\/historico\/wp-json\/wp\/v2\/categories?post=178907"},{"taxonomy":"post_tag","embeddable":true,"href":"https:\/\/plazajuarez.mx\/historico\/wp-json\/wp\/v2\/tags?post=178907"}],"curies":[{"name":"wp","href":"https:\/\/api.w.org\/{rel}","templated":true}]}}