{"id":178902,"date":"2021-08-25T07:31:08","date_gmt":"2021-08-25T12:31:08","guid":{"rendered":"https:\/\/plazajuarez.mx\/?p=178902"},"modified":"2021-08-25T07:31:24","modified_gmt":"2021-08-25T12:31:24","slug":"alcalde-de-mixquiahuala-desiste-de-ser-procurador-de-hidalgo","status":"publish","type":"post","link":"https:\/\/plazajuarez.mx\/historico\/alcalde-de-mixquiahuala-desiste-de-ser-procurador-de-hidalgo\/","title":{"rendered":"Alcalde de Mixquiahuala desiste de ser procurador de Hidalgo"},"content":{"rendered":"\n<p><strong>Mixquiahuala<\/strong>.- El alcalde, Jos\u00e9 Ram\u00f3n Amieva, se dedicar\u00e1 al 100 por ciento a cumplir con sus funciones, inform\u00f3 la direcci\u00f3n de comunicaci\u00f3n social de este municipio, luego de que desistiera en su inter\u00e9s de ser el pr\u00f3ximo procurador general de Justicia del Estado de Hidalgo.\u00a0<\/p>\n\n\n\n<p>Previamente, el alcalde inform\u00f3 a los diputados, que dejaba su intenci\u00f3n de convertirse en el pr\u00f3ximo procurador, aunque no explic\u00f3 las razones, \u00fanicamente sostuvo, que a pesar de haber encontrado personas que lo acompa\u00f1aron en esta intenci\u00f3n, hubo quienes \u201clo traicionaron\u201d.&nbsp;<\/p>\n\n\n\n<p>De manera extraoficial, se inform\u00f3, que el alcalde, incumpl\u00eda con el requisito de ser originario del estado de Hidalgo. Naci\u00f3 en la CDMX, raz\u00f3n que le impidi\u00f3 continuar en la terna que discute el Congreso Local.&nbsp;<\/p>\n\n\n\n<p>Amieva fue tambi\u00e9n instado por la dirigencia local de Morena en este municipio, que le solicit\u00f3 cumplir con su periodo de gobierno. Le recordaron que quienes forman parte de la 4T, no est\u00e1n en busca de cargos p\u00fablicos o pol\u00edticos, sin antes cumplir con las responsabilidades para las que fueron elegidos.&nbsp;<\/p>\n","protected":false},"excerpt":{"rendered":"<p>Mixquiahuala.- El alcalde, Jos\u00e9 Ram\u00f3n Amieva, se dedicar\u00e1 al 100 por ciento a cumplir con sus funciones, inform\u00f3 la direcci\u00f3n de comunicaci\u00f3n social de este municipio, luego de que desistiera en su inter\u00e9s de ser el pr\u00f3ximo procurador general de Justicia del Estado de Hidalgo.\u00a0 Previamente, el alcalde inform\u00f3 a los diputados, que dejaba su [&hellip;]<\/p>\n","protected":false},"author":75,"featured_media":178904,"comment_status":"closed","ping_status":"closed","sticky":false,"template":"","format":"standard","meta":{"footnotes":""},"categories":[2159,40],"tags":[],"class_list":["post-178902","post","type-post","status-publish","format-standard","has-post-thumbnail","hentry","category-noticias-de-hidalgo","category-region"],"_links":{"self":[{"href":"https:\/\/plazajuarez.mx\/historico\/wp-json\/wp\/v2\/posts\/178902","targetHints":{"allow":["GET"]}}],"collection":[{"href":"https:\/\/plazajuarez.mx\/historico\/wp-json\/wp\/v2\/posts"}],"about":[{"href":"https:\/\/plazajuarez.mx\/historico\/wp-json\/wp\/v2\/types\/post"}],"author":[{"embeddable":true,"href":"https:\/\/plazajuarez.mx\/historico\/wp-json\/wp\/v2\/users\/75"}],"replies":[{"embeddable":true,"href":"https:\/\/plazajuarez.mx\/historico\/wp-json\/wp\/v2\/comments?post=178902"}],"version-history":[{"count":0,"href":"https:\/\/plazajuarez.mx\/historico\/wp-json\/wp\/v2\/posts\/178902\/revisions"}],"wp:featuredmedia":[{"embeddable":true,"href":"https:\/\/plazajuarez.mx\/historico\/wp-json\/wp\/v2\/media\/178904"}],"wp:attachment":[{"href":"https:\/\/plazajuarez.mx\/historico\/wp-json\/wp\/v2\/media?parent=178902"}],"wp:term":[{"taxonomy":"category","embeddable":true,"href":"https:\/\/plazajuarez.mx\/historico\/wp-json\/wp\/v2\/categories?post=178902"},{"taxonomy":"post_tag","embeddable":true,"href":"https:\/\/plazajuarez.mx\/historico\/wp-json\/wp\/v2\/tags?post=178902"}],"curies":[{"name":"wp","href":"https:\/\/api.w.org\/{rel}","templated":true}]}}