{"id":178899,"date":"2021-08-25T07:29:55","date_gmt":"2021-08-25T12:29:55","guid":{"rendered":"https:\/\/plazajuarez.mx\/?p=178899"},"modified":"2021-08-25T07:30:10","modified_gmt":"2021-08-25T12:30:10","slug":"manifestacion-de-transportistas-en-fraccionamiento-de-tizayuca","status":"publish","type":"post","link":"https:\/\/plazajuarez.mx\/historico\/manifestacion-de-transportistas-en-fraccionamiento-de-tizayuca\/","title":{"rendered":"Manifestaci\u00f3n de transportistas en fraccionamiento de Tizayuca"},"content":{"rendered":"\n<p><strong>Tizayuca<\/strong>.- Transportistas y ejidatarios del municipio de Tizayuca, acudieron con camiones para cerrar el paso del fraccionamiento Andaluc\u00eda, en protesta porque los vecinos desean una ruta que les d\u00e9 servicio de transporte, pero la misma pertenece al municipio de Tolcayuca.<\/p>\n\n\n\n<p><br>La manifestaci\u00f3n fue porque este fraccionamiento pertenece al municipio de Tizayuca; a su vez, los ejidatarios los respaldaron, ya que existe un mapa donde claramente se maneja el l\u00edmite territorial, mismo que se debe respetar.&nbsp;<\/p>\n\n\n\n<p>En el fraccionamiento fueron colocados camiones de volteo para exigir que respeten a los transportistas de Tizayuca y si los habitantes de ese fraccionamiento necesitan una ruta, les brindar\u00e1n el servicio de combis y taxis, pero del municipio de Tizayuca.&nbsp;<\/p>\n\n\n\n<p><br>Transportistas y ejidatarios solicitan al Ayuntamiento deje en claro que este fraccionamiento pertenece a Tizayuca, para que puedan meter la ruta y no salir de pleito con el municipio vecino, ya que en caso de que permitan el servicio podr\u00e1n beneficiar a este lugar.&nbsp;<\/p>\n\n\n\n<p><br>Hasta el momento, los ciudadanos no han dejado que la constructora siga edificando m\u00e1s casas debido al tema de los l\u00edmites territoriales, ya que estos quieren pertenecer al municipio de Tolcayuca, a pesar de que cuando compraron les indicaron que este fraccionamiento pertenece a Tizayuca.<br>Los ejidatarios aseguran que hay intereses econ\u00f3micos de por medio para que la alcaldesa, Susana \u00c1ngeles Quezada, ceda territorio y lo venda como ya lo ha hecho saber en las asambleas. Dicen no estar de acuerdo, ya que poseen un mapa que se ha usado por a\u00f1os, donde indica que el fraccionamiento Andaluc\u00eda pertenece a Tizayuca.&nbsp;<\/p>\n","protected":false},"excerpt":{"rendered":"<p>Tizayuca.- Transportistas y ejidatarios del municipio de Tizayuca, acudieron con camiones para cerrar el paso del fraccionamiento Andaluc\u00eda, en protesta porque los vecinos desean una ruta que les d\u00e9 servicio de transporte, pero la misma pertenece al municipio de Tolcayuca. La manifestaci\u00f3n fue porque este fraccionamiento pertenece al municipio de Tizayuca; a su vez, los [&hellip;]<\/p>\n","protected":false},"author":93,"featured_media":178900,"comment_status":"closed","ping_status":"closed","sticky":false,"template":"","format":"standard","meta":{"footnotes":""},"categories":[40],"tags":[],"class_list":["post-178899","post","type-post","status-publish","format-standard","has-post-thumbnail","hentry","category-region"],"_links":{"self":[{"href":"https:\/\/plazajuarez.mx\/historico\/wp-json\/wp\/v2\/posts\/178899","targetHints":{"allow":["GET"]}}],"collection":[{"href":"https:\/\/plazajuarez.mx\/historico\/wp-json\/wp\/v2\/posts"}],"about":[{"href":"https:\/\/plazajuarez.mx\/historico\/wp-json\/wp\/v2\/types\/post"}],"author":[{"embeddable":true,"href":"https:\/\/plazajuarez.mx\/historico\/wp-json\/wp\/v2\/users\/93"}],"replies":[{"embeddable":true,"href":"https:\/\/plazajuarez.mx\/historico\/wp-json\/wp\/v2\/comments?post=178899"}],"version-history":[{"count":0,"href":"https:\/\/plazajuarez.mx\/historico\/wp-json\/wp\/v2\/posts\/178899\/revisions"}],"wp:featuredmedia":[{"embeddable":true,"href":"https:\/\/plazajuarez.mx\/historico\/wp-json\/wp\/v2\/media\/178900"}],"wp:attachment":[{"href":"https:\/\/plazajuarez.mx\/historico\/wp-json\/wp\/v2\/media?parent=178899"}],"wp:term":[{"taxonomy":"category","embeddable":true,"href":"https:\/\/plazajuarez.mx\/historico\/wp-json\/wp\/v2\/categories?post=178899"},{"taxonomy":"post_tag","embeddable":true,"href":"https:\/\/plazajuarez.mx\/historico\/wp-json\/wp\/v2\/tags?post=178899"}],"curies":[{"name":"wp","href":"https:\/\/api.w.org\/{rel}","templated":true}]}}