{"id":178878,"date":"2021-08-25T07:03:48","date_gmt":"2021-08-25T12:03:48","guid":{"rendered":"https:\/\/plazajuarez.mx\/?p=178878"},"modified":"2021-08-25T07:04:04","modified_gmt":"2021-08-25T12:04:04","slug":"opinion-36","status":"publish","type":"post","link":"https:\/\/plazajuarez.mx\/historico\/opinion-36\/","title":{"rendered":"OPINI\u00d3N"},"content":{"rendered":"\n<h2 class=\"wp-block-heading\"><strong>Contra perro, gato\u2026<\/strong><\/h2>\n\n\n\n<p>Cuando se ha llegado a un punto en el que se deja de confiar en el hombre, entonces no queda m\u00e1s remedio que buscar el apoyo de una fuerza divina concebida como \u201cDios\u201d, que qui\u00e9n sabe en qu\u00e9 forma existir\u00e1, pero que gran parte de la poblaci\u00f3n lo reconoce como una fuerza mayor y m\u00e1s all\u00e1 del propio entendimiento humano.<\/p>\n\n\n\n<p>Hace tiempo en D\u00eda de Muertos, el profesor Arqu\u00edmedes de la Preparatoria N\u00famero Dos&nbsp; en Tulancingo nos invitaba a la celebraci\u00f3n que se hab\u00eda convertido en ritual, y en el que adem\u00e1s de la ofrenda se compart\u00eda la lectura de la poes\u00eda \u201cSigue la muerte\u201d, de Jaime Sabines, del cual hab\u00eda un p\u00e1rrafo que me gustaba mucho porque hablaba de l\u00e1grimas y de \u201cun hambre de Dios\u201d.<\/p>\n\n\n\n<p>Ayer, parec\u00eda un poco sacado de \u00f3rbita que el secretario de salud, Efra\u00edn Benitez Herrera, en pleno cierre de conferencia hiciera un llamado a cierto sector de la poblaci\u00f3n que comparte una misma fe (aunque diferente religi\u00f3n): los cat\u00f3licos y los cristianos, para que consulten en la Biblia, los vers\u00edculos del dos al ocho del cap\u00edtulo seis del libro de las Revelaciones, sacado de \u00f3rbita a promover una lectura religiosa desde un cargo p\u00fablico que ostenta.<\/p>\n\n\n\n<p>Pero como lo se\u00f1alaba Jaime Sabines en su poema, existe esa \u201chambre de Dios\u201d, que para m\u00ed, es a la que se recurre cuando lo \u00fanico que queda es un rayo de esperanza que se ve menguar en cada instante, y aunque a mi parecer el actuar del funcionario p\u00fablico fue torpe, creo que en un an\u00e1lisis m\u00e1s profundo y concatenando, su discurso lo que pretend\u00eda era buscar la empat\u00eda de un gran sector de la poblaci\u00f3n a trav\u00e9s de sus creencias, pero tambi\u00e9n dirigir la atenci\u00f3n hacia un acto de fe, no hacia un Dios sino hacia la humanidad.&nbsp;<\/p>\n\n\n\n<p>La conferencia de prensa que encabez\u00f3 el secretario fue para dar los pormenores de la situaci\u00f3n que guarda el estado de Hidalgo en materia de la pandemia de Covid-19 as\u00ed como el regreso a clases en al menos 15 municipios, y reflej\u00f3 como en muchas otras entrevistas el hartazgo de repetir una y otra vez que la poblaci\u00f3n debe seguir las medidas sanitarias; y la decepci\u00f3n por ver que no se siguen y que los casos positivos al Covid y las muertes aumentan cada d\u00eda.&nbsp;<\/p>\n\n\n\n<p>Por un momento, cuando el funcionario estatal habl\u00f3 de la empat\u00eda, la conciencia y trata de invocar \u201cla humanidad\u201d entre la audiencia, me hizo recordar la pel\u00edcula de Santa Claus de Ren\u00e9 Cardona (1959); en concreto, la escena en la que Santa Claus v\u00edctima del diablo, se queda atrapado bajo el riesgo de ser visto por la gente y pide la ayuda del mago Merl\u00edn en el cielo.<\/p>\n\n\n\n<p>El mago que es un poco anciano trata de buscar la soluci\u00f3n para que Santa Claus pueda salir bien librado, sin que lo muerda el perro que ha invocado el diablo para que lo acose. En esta escena, Merl\u00edn dice tratando de recordar: \u201ccontra bueno, malo; contra blanco, negro; contra comez\u00f3n, rascar; contra sed, agua\u2026\u201d y de pronto como iluminado por la memoria, grita \u201c\u00a1Contra perro, gato!\u201d, y dicho esto le recomienda a Santa Claus que distraiga al perro con un gato de juguete, remedio que soluciona el conflicto.<\/p>\n\n\n\n<p>Lo que el secretario de Salud estaba apelando era la conciencia de la gente, en una situaci\u00f3n de pel\u00edcula el grito ser\u00eda: \u201ccontra Covid-19, conciencia\u201d; sin embargo, me temo que que la forma en c\u00f3mo se emiti\u00f3 el mensaje no fue la apropiada y mientras unos buscaban algo, otros ya ven la figura de Ju\u00e1rez retorci\u00e9ndose en su tumba como lo representar\u00edan en una caricatura mientras Vicente Fox, siendo presidente de M\u00e9xico, le besaba el anillo al papa en la Ciudad del Vaticano.<\/p>\n\n\n\n<p>A estas alturas, en plena tercera ola de contagios y con variantes m\u00e1s contagiosas del virus, damos vuelta a lo que ocurr\u00eda hace un a\u00f1o y nos encontramos con situaciones similares: gente que no acata las medidas sanitarias, que hace reuniones familiares, que va a fiestas, gente que deja de usar el cubrebocas, gente que anda en la calle; o&nbsp; personas que salen al super, tianguis o cualquier otros sitio de compras y abasto, en compa\u00f1\u00eda de los hijos\u2026&nbsp;<\/p>\n\n\n\n<p>Y mientras esto sucede, el gobierno federal se empecina en negar los contagios en ni\u00f1os y convocar a las aulas a todos los estudiantes. Nuevamente los maestros, uno de los primeros sectores de la poblaci\u00f3n en ser vacunados,&nbsp; ha pegado el grito en el cielo, primero porque no ten\u00edan herramientas en casa y a \u201cdistancia\u201d no se pod\u00eda ense\u00f1ar o resultaba m\u00e1s dif\u00edcil, ahora porque tras haber llegado a la comodidad se resisten a regresar a las aulas.&nbsp;<\/p>\n\n\n\n<p>Tambi\u00e9n es un poco contradictorio que los padres de familia que llevan a sus hijos a puntos muy concurridos como los tianguis, ahora peguen el grito en el mismo cielo que los maestros, para decir que temen por la salud de sus criaturas. En el fondo en ambos sectores podemos encontrar gente muy irresponsable que ha comenzado a seguir las recomendaciones sanitarias hasta que ha visto muertos a sus vecinos o incluso a sus seres queridos. Por todo lo anterior la conferencia de Salud de ayer fue muy reveladora.<\/p>\n\n\n\n<p>Por eso, si tuvieramos un poco de conciencia, empat\u00eda, bondad y compasi\u00f3n como seres humanos, lejos de si somos cat\u00f3licos, cristianos, hinduistas, budistas, zoroastras, islamistas, judios o creyentes de cualquier ser que sacie nuestra hambre de un Dios, deber\u00edamos fomentar esa congruencia entre lo que decimos y lo que hacemos, y tener esa conciencia de que cualquier acto, bueno o malo, tiene consecuencias. Contra perro, gato; contra Covid-19, conciencia y congruencia.&nbsp;<\/p>\n","protected":false},"excerpt":{"rendered":"<p>Contra perro, gato\u2026 Cuando se ha llegado a un punto en el que se deja de confiar en el hombre, entonces no queda m\u00e1s remedio que buscar el apoyo de una fuerza divina concebida como \u201cDios\u201d, que qui\u00e9n sabe en qu\u00e9 forma existir\u00e1, pero que gran parte de la poblaci\u00f3n lo reconoce como una fuerza [&hellip;]<\/p>\n","protected":false},"author":93,"featured_media":154769,"comment_status":"closed","ping_status":"closed","sticky":false,"template":"","format":"standard","meta":{"footnotes":""},"categories":[42],"tags":[],"class_list":["post-178878","post","type-post","status-publish","format-standard","has-post-thumbnail","hentry","category-nuestrapalabra"],"_links":{"self":[{"href":"https:\/\/plazajuarez.mx\/historico\/wp-json\/wp\/v2\/posts\/178878","targetHints":{"allow":["GET"]}}],"collection":[{"href":"https:\/\/plazajuarez.mx\/historico\/wp-json\/wp\/v2\/posts"}],"about":[{"href":"https:\/\/plazajuarez.mx\/historico\/wp-json\/wp\/v2\/types\/post"}],"author":[{"embeddable":true,"href":"https:\/\/plazajuarez.mx\/historico\/wp-json\/wp\/v2\/users\/93"}],"replies":[{"embeddable":true,"href":"https:\/\/plazajuarez.mx\/historico\/wp-json\/wp\/v2\/comments?post=178878"}],"version-history":[{"count":0,"href":"https:\/\/plazajuarez.mx\/historico\/wp-json\/wp\/v2\/posts\/178878\/revisions"}],"wp:featuredmedia":[{"embeddable":true,"href":"https:\/\/plazajuarez.mx\/historico\/wp-json\/wp\/v2\/media\/154769"}],"wp:attachment":[{"href":"https:\/\/plazajuarez.mx\/historico\/wp-json\/wp\/v2\/media?parent=178878"}],"wp:term":[{"taxonomy":"category","embeddable":true,"href":"https:\/\/plazajuarez.mx\/historico\/wp-json\/wp\/v2\/categories?post=178878"},{"taxonomy":"post_tag","embeddable":true,"href":"https:\/\/plazajuarez.mx\/historico\/wp-json\/wp\/v2\/tags?post=178878"}],"curies":[{"name":"wp","href":"https:\/\/api.w.org\/{rel}","templated":true}]}}