{"id":178718,"date":"2021-08-24T08:15:54","date_gmt":"2021-08-24T13:15:54","guid":{"rendered":"https:\/\/plazajuarez.mx\/?p=178718"},"modified":"2021-08-24T08:16:04","modified_gmt":"2021-08-24T13:16:04","slug":"dif-apoyo-a-familias-de-los-sabinos-durante-paso-de-grace","status":"publish","type":"post","link":"https:\/\/plazajuarez.mx\/historico\/dif-apoyo-a-familias-de-los-sabinos-durante-paso-de-grace\/","title":{"rendered":"DIF apoy\u00f3 a familias de Los Sabinos, durante paso de \u201cGrace\u201d"},"content":{"rendered":"\n<p><strong>Tulancingo<\/strong>.- El Sistema Municipal para el Desarrollo Integral de la Familia (DIF), Tulancingo, presidido por Yolanda Magaldi, agradeci\u00f3 al equipo involucrado en los refugios temporales, ante el paso del hurac\u00e1n \u201cGrace\u201d, el pasado fin de semana.<\/p>\n\n\n\n<p>La titular del organismo asistencial indic\u00f3 que gracias a su apoyo y a pesar de las afectaciones que caus\u00f3 el fen\u00f3meno meteorol\u00f3gico, hoy se puede contar una historia con final feliz.<\/p>\n\n\n\n<p>Dijo que Ariadna Berenice Rosas Garc\u00eda, quien es mam\u00e1 de cuatro&nbsp; peque\u00f1os, Misael, Joanna, Guadalupe y Armando, tuvieron que salir de su casa, porque se desbord\u00f3 un tramo del canal, en la colonia Los Sabinos.&nbsp;&nbsp;<\/p>\n\n\n\n<p>Por tal motivo, y para cuidar su integridad, decidieron resguardarse en el albergue, situado en la escuela Secundaria Jos\u00e9 Mar\u00eda Lezama.<\/p>\n\n\n\n<p>Ah\u00ed se les brind\u00f3 la ayuda necesaria, d\u00e1ndoles ropa para los peque\u00f1os, ya que la que tra\u00edan estaba mojada, e igualmente les ofrecieron un desayuno y la atenci\u00f3n que requer\u00edan.<\/p>\n\n\n\n<p>De esta manera, a pesar de que tuvieron que dejar su hogar se sintieron cobijados y seguros.<\/p>\n\n\n\n<p>Ahora la mam\u00e1 y sus peque\u00f1os, despu\u00e9s de haber vivido esta desagradable experiencia por el meteoro, agradecen a quienes les brindaron ayuda en un momento tan complicado.<\/p>\n\n\n\n<p>Resaltaron la buena labor del presidente municipal de Tulancingo, Jorge M\u00e1rquez Alvarado, al realizar este tipo de acciones de prevenci\u00f3n, y a la presidenta del Sistema DIF, porque se preocuparon por que los tulancinguenses estuvieran bien y pudieran regresar a casa, cuando todo volvi\u00f3 a la normalidad.<\/p>\n","protected":false},"excerpt":{"rendered":"<p>Tulancingo.- El Sistema Municipal para el Desarrollo Integral de la Familia (DIF), Tulancingo, presidido por Yolanda Magaldi, agradeci\u00f3 al equipo involucrado en los refugios temporales, ante el paso del hurac\u00e1n \u201cGrace\u201d, el pasado fin de semana. La titular del organismo asistencial indic\u00f3 que gracias a su apoyo y a pesar de las afectaciones que caus\u00f3 [&hellip;]<\/p>\n","protected":false},"author":93,"featured_media":178719,"comment_status":"closed","ping_status":"closed","sticky":false,"template":"","format":"standard","meta":{"footnotes":""},"categories":[2159,40],"tags":[],"class_list":["post-178718","post","type-post","status-publish","format-standard","has-post-thumbnail","hentry","category-noticias-de-hidalgo","category-region"],"_links":{"self":[{"href":"https:\/\/plazajuarez.mx\/historico\/wp-json\/wp\/v2\/posts\/178718","targetHints":{"allow":["GET"]}}],"collection":[{"href":"https:\/\/plazajuarez.mx\/historico\/wp-json\/wp\/v2\/posts"}],"about":[{"href":"https:\/\/plazajuarez.mx\/historico\/wp-json\/wp\/v2\/types\/post"}],"author":[{"embeddable":true,"href":"https:\/\/plazajuarez.mx\/historico\/wp-json\/wp\/v2\/users\/93"}],"replies":[{"embeddable":true,"href":"https:\/\/plazajuarez.mx\/historico\/wp-json\/wp\/v2\/comments?post=178718"}],"version-history":[{"count":0,"href":"https:\/\/plazajuarez.mx\/historico\/wp-json\/wp\/v2\/posts\/178718\/revisions"}],"wp:featuredmedia":[{"embeddable":true,"href":"https:\/\/plazajuarez.mx\/historico\/wp-json\/wp\/v2\/media\/178719"}],"wp:attachment":[{"href":"https:\/\/plazajuarez.mx\/historico\/wp-json\/wp\/v2\/media?parent=178718"}],"wp:term":[{"taxonomy":"category","embeddable":true,"href":"https:\/\/plazajuarez.mx\/historico\/wp-json\/wp\/v2\/categories?post=178718"},{"taxonomy":"post_tag","embeddable":true,"href":"https:\/\/plazajuarez.mx\/historico\/wp-json\/wp\/v2\/tags?post=178718"}],"curies":[{"name":"wp","href":"https:\/\/api.w.org\/{rel}","templated":true}]}}