{"id":178703,"date":"2021-08-24T08:03:10","date_gmt":"2021-08-24T13:03:10","guid":{"rendered":"https:\/\/plazajuarez.mx\/?p=178703"},"modified":"2021-08-24T08:03:24","modified_gmt":"2021-08-24T13:03:24","slug":"pide-victor-guerrero-que-se-quite-el-nombre-de-jose-lopez-portillo-del-muro-de-honor","status":"publish","type":"post","link":"https:\/\/plazajuarez.mx\/historico\/pide-victor-guerrero-que-se-quite-el-nombre-de-jose-lopez-portillo-del-muro-de-honor\/","title":{"rendered":"Pide V\u00edctor Guerrero que se quite el nombre de Jos\u00e9 L\u00f3pez Portillo del muro de honor"},"content":{"rendered":"\n<p>Bajo el argumento de que en el gobierno de Jos\u00e9 L\u00f3pez Portillo prolifer\u00f3 la corrupci\u00f3n, el nepotismo, la protecci\u00f3n a delincuentes, el narcotr\u00e1fico, y se favoreci\u00f3 la impunidad, el crecimiento de la deuda externa, la inflaci\u00f3n y el uso de recursos p\u00fablicos para beneficios personales, el diputado del partido del Movimiento de Regeneraci\u00f3n Nacional (Morena) V\u00edctor Guerrero Trejo pidi\u00f3 que el nombre del expresidente de M\u00e9xico sea retirado del muro de honor del recinto legislativo.<\/p>\n\n\n\n<p>En su exposici\u00f3n de motivos, el legislador record\u00f3 la herencia legada por el gobierno de L\u00f3pez Portillo, entre lo que destac\u00f3 la proliferaci\u00f3n de la corrupci\u00f3n en la Ciudad de M\u00e9xico y las relaciones establecidas entre \u201cel mat\u00f3n\u201d de Arturo \u201cel negro\u201d Durazo, adem\u00e1s de enfatizar que su gobierno \u201chundi\u00f3 a M\u00e9xico en una crisis econ\u00f3mica de la que todav\u00eda se est\u00e1 recuperando\u201d.<\/p>\n\n\n\n<p>De igual forma, el diputado local, expuso que en el muro de Honor del Congreso Local, se encuentran escritos en letra de oro los nombres de personajes o instituciones que por sus acciones han alcanzado un lugar preponderante en la historia nacional o estatal y que merecen ser recordados pero que la trayectoria y actuar del expresidente no merecen tal reconocimiento y distinci\u00f3n.<\/p>\n\n\n\n<p>Finalmente enfatiz\u00f3 la incongruencia de mantener el nombre del expresidente en el muro de honor por lo que se\u00f1al\u00f3 que es necesario que se retire de este lugar, la propuesta fue turnada a la primera Comisi\u00f3n Permanente de Legislaci\u00f3n y Puntos Constitucionales.<\/p>\n","protected":false},"excerpt":{"rendered":"<p>Bajo el argumento de que en el gobierno de Jos\u00e9 L\u00f3pez Portillo prolifer\u00f3 la corrupci\u00f3n, el nepotismo, la protecci\u00f3n a delincuentes, el narcotr\u00e1fico, y se favoreci\u00f3 la impunidad, el crecimiento de la deuda externa, la inflaci\u00f3n y el uso de recursos p\u00fablicos para beneficios personales, el diputado del partido del Movimiento de Regeneraci\u00f3n Nacional (Morena) [&hellip;]<\/p>\n","protected":false},"author":72,"featured_media":178704,"comment_status":"closed","ping_status":"closed","sticky":false,"template":"","format":"standard","meta":{"footnotes":""},"categories":[59,2159],"tags":[],"class_list":["post-178703","post","type-post","status-publish","format-standard","has-post-thumbnail","hentry","category-general","category-noticias-de-hidalgo"],"_links":{"self":[{"href":"https:\/\/plazajuarez.mx\/historico\/wp-json\/wp\/v2\/posts\/178703","targetHints":{"allow":["GET"]}}],"collection":[{"href":"https:\/\/plazajuarez.mx\/historico\/wp-json\/wp\/v2\/posts"}],"about":[{"href":"https:\/\/plazajuarez.mx\/historico\/wp-json\/wp\/v2\/types\/post"}],"author":[{"embeddable":true,"href":"https:\/\/plazajuarez.mx\/historico\/wp-json\/wp\/v2\/users\/72"}],"replies":[{"embeddable":true,"href":"https:\/\/plazajuarez.mx\/historico\/wp-json\/wp\/v2\/comments?post=178703"}],"version-history":[{"count":0,"href":"https:\/\/plazajuarez.mx\/historico\/wp-json\/wp\/v2\/posts\/178703\/revisions"}],"wp:featuredmedia":[{"embeddable":true,"href":"https:\/\/plazajuarez.mx\/historico\/wp-json\/wp\/v2\/media\/178704"}],"wp:attachment":[{"href":"https:\/\/plazajuarez.mx\/historico\/wp-json\/wp\/v2\/media?parent=178703"}],"wp:term":[{"taxonomy":"category","embeddable":true,"href":"https:\/\/plazajuarez.mx\/historico\/wp-json\/wp\/v2\/categories?post=178703"},{"taxonomy":"post_tag","embeddable":true,"href":"https:\/\/plazajuarez.mx\/historico\/wp-json\/wp\/v2\/tags?post=178703"}],"curies":[{"name":"wp","href":"https:\/\/api.w.org\/{rel}","templated":true}]}}