{"id":178691,"date":"2021-08-24T07:58:03","date_gmt":"2021-08-24T12:58:03","guid":{"rendered":"https:\/\/plazajuarez.mx\/?p=178691"},"modified":"2021-08-24T07:58:18","modified_gmt":"2021-08-24T12:58:18","slug":"pilar-quintana-presentara-los-abismos","status":"publish","type":"post","link":"https:\/\/plazajuarez.mx\/historico\/pilar-quintana-presentara-los-abismos\/","title":{"rendered":"Pilar Quintana presentar\u00e1 \u201cLos abismos\u201d"},"content":{"rendered":"\n<p>El Premio Alfaguara de Novela 2021, \u201cLos Abismos\u201d de la autora colombiana Pilar Quintana, estar\u00e1 presente en la edici\u00f3n n\u00famero 34 de la Feria Universitaria del Libro (FUL), organizada por la Universidad Aut\u00f3noma del Estado de Hidalgo (UAEH). La presentaci\u00f3n en modalidad virtual se llevar\u00e1 a cabo el pr\u00f3ximo mi\u00e9rcoles 1 de septiembre a las 14:30 horas.&nbsp;<\/p>\n\n\n\n<p>De acuerdo a la UAEH, la historia se centra y es narrada por&nbsp; \u201cuna ni\u00f1a cuya madre, si hubiera tenido la oportunidad de elegir, quiz\u00e1s no hubiera decidido ser madre, sino que hubiera desarrollado su vida de otra manera y la menor sospecha que quiz\u00e1 no fue deseada\u201d.&nbsp;<\/p>\n\n\n\n<p>La actividad forma parte de las 205 presentaciones editoriales que se realizar\u00e1n del 27 de agosto al 5 de septiembre en el megaportal de la instituci\u00f3n. Este viernes 27, se presentar\u00e1 Marcela Lagarde, en punto de las 10:30 de la ma\u00f1ana, con su libro \u201cClaves feministas para el autoestima de las mujeres\u201d, en compa\u00f1\u00eda de Yerid L\u00f3pez Barrera, Gloria Gonz\u00e1lez- L\u00f3pez y Elvira Hern\u00e1ndez Carballido.&nbsp;<\/p>\n\n\n\n<p>El s\u00e1bado 28, estar\u00e1 Yanira Garc\u00eda a las 10:00 de la ma\u00f1ana con \u201cLa casa que habita\u201d, en compa\u00f1\u00eda de Danhia Montes y Miguel \u00c1ngel Mart\u00ednez Monter.&nbsp; Otra de las presentaciones correr\u00e1 a cargo de Marion Reimers, el 3 de septiembre a las 7:30 de la tarde con su libro \u00a1Juega como ni\u00f1a!, una gu\u00eda ilustrada que habla de mujeres a quienes el deporte les cambi\u00f3 la vida.&nbsp;<\/p>\n\n\n\n<p>El 4 de septiembre, a las 3:00 de la tarde, Jaime Alfonso Sandoval, presentar\u00e1 \u201cMundo Umbr\u00edo 3\u201d al lado de Azul Kikey Castelli Olvera. Por su parte, el d\u00eda de la clausura de este evento, Sinead Mart\u00ed, hablar\u00e1 de su libro a las 12:00; junto a Alfonso Valencia; \u201cLa impronta de los patos sin plumas\u201d, Premio Estatal de Cuento Ricardo Garibay 2019; y a las 4:30, Pedro J. Fern\u00e1ndez estar\u00e1 con \u201cSoy Malitzin\u201d, junto a Sergio S\u00e1nchez V\u00e1zquez.<br>La programaci\u00f3n entera podr\u00e1 ser consultada en el link https:\/\/www.uaeh.edu.mx\/ful\/2021\/programa\/.<\/p>\n","protected":false},"excerpt":{"rendered":"<p>El Premio Alfaguara de Novela 2021, \u201cLos Abismos\u201d de la autora colombiana Pilar Quintana, estar\u00e1 presente en la edici\u00f3n n\u00famero 34 de la Feria Universitaria del Libro (FUL), organizada por la Universidad Aut\u00f3noma del Estado de Hidalgo (UAEH). La presentaci\u00f3n en modalidad virtual se llevar\u00e1 a cabo el pr\u00f3ximo mi\u00e9rcoles 1 de septiembre a las [&hellip;]<\/p>\n","protected":false},"author":101,"featured_media":178692,"comment_status":"closed","ping_status":"closed","sticky":false,"template":"","format":"standard","meta":{"footnotes":""},"categories":[59,2159],"tags":[],"class_list":["post-178691","post","type-post","status-publish","format-standard","has-post-thumbnail","hentry","category-general","category-noticias-de-hidalgo"],"_links":{"self":[{"href":"https:\/\/plazajuarez.mx\/historico\/wp-json\/wp\/v2\/posts\/178691","targetHints":{"allow":["GET"]}}],"collection":[{"href":"https:\/\/plazajuarez.mx\/historico\/wp-json\/wp\/v2\/posts"}],"about":[{"href":"https:\/\/plazajuarez.mx\/historico\/wp-json\/wp\/v2\/types\/post"}],"author":[{"embeddable":true,"href":"https:\/\/plazajuarez.mx\/historico\/wp-json\/wp\/v2\/users\/101"}],"replies":[{"embeddable":true,"href":"https:\/\/plazajuarez.mx\/historico\/wp-json\/wp\/v2\/comments?post=178691"}],"version-history":[{"count":0,"href":"https:\/\/plazajuarez.mx\/historico\/wp-json\/wp\/v2\/posts\/178691\/revisions"}],"wp:featuredmedia":[{"embeddable":true,"href":"https:\/\/plazajuarez.mx\/historico\/wp-json\/wp\/v2\/media\/178692"}],"wp:attachment":[{"href":"https:\/\/plazajuarez.mx\/historico\/wp-json\/wp\/v2\/media?parent=178691"}],"wp:term":[{"taxonomy":"category","embeddable":true,"href":"https:\/\/plazajuarez.mx\/historico\/wp-json\/wp\/v2\/categories?post=178691"},{"taxonomy":"post_tag","embeddable":true,"href":"https:\/\/plazajuarez.mx\/historico\/wp-json\/wp\/v2\/tags?post=178691"}],"curies":[{"name":"wp","href":"https:\/\/api.w.org\/{rel}","templated":true}]}}