{"id":178567,"date":"2021-08-23T10:00:04","date_gmt":"2021-08-23T15:00:04","guid":{"rendered":"https:\/\/plazajuarez.mx\/?p=178567"},"modified":"2021-08-23T10:00:19","modified_gmt":"2021-08-23T15:00:19","slug":"sujeto-asesina-con-un-disparo-de-arma-de-fuego-a-su-suegra-en-culiacan","status":"publish","type":"post","link":"https:\/\/plazajuarez.mx\/historico\/sujeto-asesina-con-un-disparo-de-arma-de-fuego-a-su-suegra-en-culiacan\/","title":{"rendered":"Sujeto asesina con un disparo de arma de fuego a su suegra en Culiac\u00e1n"},"content":{"rendered":"\n<p>En la calle Misi\u00f3n de California, del fraccionamiento Capistrano, de Culiac\u00e1n, Sinaloa, fue asesinada con un disparo de arma de fuego, Carolina &#8220;N&#8221; de 46 a\u00f1os de edad, presuntamente por uno de sus yernos.<\/p>\n\n\n\n<p>Seg\u00fan el reporte que se emiti\u00f3 a la Polic\u00eda Municipal de Culiac\u00e1n la madrugada de este domingo, en dicho sector, se registr\u00f3 una discusi\u00f3n breve entre un hombre y una mujer que culmin\u00f3 con el asesinato de la f\u00e9mina, a la cual los param\u00e9dicos intentaron brindarle los primeros auxilios.<\/p>\n\n\n\n<p>El personal de la Cruz Roja que fue alertada sobre una mujer lesionada con arma de fuego, en la calle Misi\u00f3n de California, al llegar al lugar de los hechos, confirm\u00f3 que no presentaba signos vitales.<\/p>\n\n\n\n<p>Se conoce que en el lugar del feminicidio, fue detenida una persona de nombre Jorge &#8220;N&#8221;, el cual fue identificado por una de las hijas de la finada, como el responsable de la muerte de su suegra.<\/p>\n\n\n\n<p>Con este nuevo homicidio de la mujer, identificada como Carolina &#8220;N&#8221;, suman treinta y cuatro el n\u00famero de feminicidios que se han registrado en el estado, durante el transcurso de este a\u00f1o.<\/p>\n\n\n\n<p>Otro de los casos m\u00e1s recientes, corresponde a la muerte violenta de Adriana &#8220;J&#8221;, ex regidora del Partido Sinaloense, en el municipio de Navolato, la cual falleci\u00f3 durante una persecuci\u00f3n a tiros que sufri\u00f3 junto con un hombre que la acompa\u00f1aba en el municipio de Navolato.<\/p>\n\n\n\n<p>El pasado 14 de agosto, en una de las calles de la colonia Rinc\u00f3n, del municipio de Navolato una pareja fue asesinada a tiros, cuando circulaban en una camioneta Nissan Frontier, de modelo reciente.<\/p>\n\n\n\n<p>Seg\u00fan el reporte preliminar la pareja que se desplazaba sobre la calle Perif\u00e9rico, fueron alcanzados por hombres armados en otra unidad, desde donde les dispararon en repetidas ocasiones, por lo que el var\u00f3n, imprimi\u00f3 mayor velocidad en un intento de eludir el ataque.<\/p>\n\n\n\n<p>El conductor de la camioneta Frontier, al parecer gravemente herido perdi\u00f3 el control de la unidad y se estrell\u00f3 contra una estructura de metal de un negocio, por lo que al acudir los param\u00e9dicos, certificaron que ambos estaban muertos.<\/p>\n\n\n\n<p>Los peritos de la Fiscal\u00eda General del Estado que acudieron a verificar el doble homicidio recolectaron en el lugar varios casquillos percutidos de armas de fuego, levantaron evidencias y testimonios sobre el ataque a la pareja.<\/p>\n","protected":false},"excerpt":{"rendered":"<p>En la calle Misi\u00f3n de California, del fraccionamiento Capistrano, de Culiac\u00e1n, Sinaloa, fue asesinada con un disparo de arma de fuego, Carolina &#8220;N&#8221; de 46 a\u00f1os de edad, presuntamente por uno de sus yernos. Seg\u00fan el reporte que se emiti\u00f3 a la Polic\u00eda Municipal de Culiac\u00e1n la madrugada de este domingo, en dicho sector, se [&hellip;]<\/p>\n","protected":false},"author":81,"featured_media":173885,"comment_status":"closed","ping_status":"closed","sticky":false,"template":"","format":"standard","meta":{"footnotes":""},"categories":[37],"tags":[],"class_list":["post-178567","post","type-post","status-publish","format-standard","has-post-thumbnail","hentry","category-barandilla"],"_links":{"self":[{"href":"https:\/\/plazajuarez.mx\/historico\/wp-json\/wp\/v2\/posts\/178567","targetHints":{"allow":["GET"]}}],"collection":[{"href":"https:\/\/plazajuarez.mx\/historico\/wp-json\/wp\/v2\/posts"}],"about":[{"href":"https:\/\/plazajuarez.mx\/historico\/wp-json\/wp\/v2\/types\/post"}],"author":[{"embeddable":true,"href":"https:\/\/plazajuarez.mx\/historico\/wp-json\/wp\/v2\/users\/81"}],"replies":[{"embeddable":true,"href":"https:\/\/plazajuarez.mx\/historico\/wp-json\/wp\/v2\/comments?post=178567"}],"version-history":[{"count":0,"href":"https:\/\/plazajuarez.mx\/historico\/wp-json\/wp\/v2\/posts\/178567\/revisions"}],"wp:featuredmedia":[{"embeddable":true,"href":"https:\/\/plazajuarez.mx\/historico\/wp-json\/wp\/v2\/media\/173885"}],"wp:attachment":[{"href":"https:\/\/plazajuarez.mx\/historico\/wp-json\/wp\/v2\/media?parent=178567"}],"wp:term":[{"taxonomy":"category","embeddable":true,"href":"https:\/\/plazajuarez.mx\/historico\/wp-json\/wp\/v2\/categories?post=178567"},{"taxonomy":"post_tag","embeddable":true,"href":"https:\/\/plazajuarez.mx\/historico\/wp-json\/wp\/v2\/tags?post=178567"}],"curies":[{"name":"wp","href":"https:\/\/api.w.org\/{rel}","templated":true}]}}