{"id":178566,"date":"2021-08-23T09:48:05","date_gmt":"2021-08-23T14:48:05","guid":{"rendered":"https:\/\/plazajuarez.mx\/?p=178566"},"modified":"2021-08-23T09:48:17","modified_gmt":"2021-08-23T14:48:17","slug":"la-pgjh-logra-vincular-a-proceso-a-un-hombre-por-asalto-agravado-y-robo","status":"publish","type":"post","link":"https:\/\/plazajuarez.mx\/historico\/la-pgjh-logra-vincular-a-proceso-a-un-hombre-por-asalto-agravado-y-robo\/","title":{"rendered":"La PGJH logra vincular a proceso a un hombre por asalto agravado y robo"},"content":{"rendered":"\n<p>La Procuradur\u00eda General de Justicia del estado de Hidalgo (PGJEH) obtuvo a trav\u00e9s de la Subprocuradur\u00eda de Procedimientos Penales regi\u00f3n poniente, la vinculaci\u00f3n a proceso de una persona por asalto agravado y robo.<\/p>\n\n\n\n<p>Los hechos que son materia de imputaci\u00f3n para Edgar Maximiliano \u201cN\u201d ocurrieron ocurrido en Tezontepec de Aldama el pasado 2 de julio, cuando el imputado abord\u00f3 un autom\u00f3vil del servicio de transporte p\u00fablico y en el trayecto del viaje coloc\u00f3 un lazo en el cuello del conductor para lastimarlo y exigirle que le entregara a sus pertenencias.<\/p>\n\n\n\n<p>De lo ocurrido tuvo conocimiento la PGJEH a trav\u00e9s de la denuncia del agraviado y se inici\u00f3 la carpeta de investigaci\u00f3n correspondiente contra el probable responsable.<\/p>\n\n\n\n<p>El agente del ministerio p\u00fablico encargado de realizar las pesquisas iniciales reuni\u00f3 los datos de prueba contra el probable para posteriormente presentarlos ante un juez de control.<\/p>\n\n\n\n<p>Durante el desahogo de la audiencia inicial, esta representaci\u00f3n social formul\u00f3 la imputaci\u00f3n contra Edgar Maximiliano \u201cN\u201d y solicit\u00f3 que este fuera vinculado a proceso.<\/p>\n\n\n\n<p>El juez de control concedi\u00f3 la vinculaci\u00f3n a proceso del imputado e impuso la medida cautelar de prisi\u00f3n preventiva oficiosa. La investigaci\u00f3n complementaria vence en tres meses.<\/p>\n","protected":false},"excerpt":{"rendered":"<p>La Procuradur\u00eda General de Justicia del estado de Hidalgo (PGJEH) obtuvo a trav\u00e9s de la Subprocuradur\u00eda de Procedimientos Penales regi\u00f3n poniente, la vinculaci\u00f3n a proceso de una persona por asalto agravado y robo. Los hechos que son materia de imputaci\u00f3n para Edgar Maximiliano \u201cN\u201d ocurrieron ocurrido en Tezontepec de Aldama el pasado 2 de julio, [&hellip;]<\/p>\n","protected":false},"author":93,"featured_media":171928,"comment_status":"closed","ping_status":"closed","sticky":false,"template":"","format":"standard","meta":{"footnotes":""},"categories":[37],"tags":[],"class_list":["post-178566","post","type-post","status-publish","format-standard","has-post-thumbnail","hentry","category-barandilla"],"_links":{"self":[{"href":"https:\/\/plazajuarez.mx\/historico\/wp-json\/wp\/v2\/posts\/178566","targetHints":{"allow":["GET"]}}],"collection":[{"href":"https:\/\/plazajuarez.mx\/historico\/wp-json\/wp\/v2\/posts"}],"about":[{"href":"https:\/\/plazajuarez.mx\/historico\/wp-json\/wp\/v2\/types\/post"}],"author":[{"embeddable":true,"href":"https:\/\/plazajuarez.mx\/historico\/wp-json\/wp\/v2\/users\/93"}],"replies":[{"embeddable":true,"href":"https:\/\/plazajuarez.mx\/historico\/wp-json\/wp\/v2\/comments?post=178566"}],"version-history":[{"count":0,"href":"https:\/\/plazajuarez.mx\/historico\/wp-json\/wp\/v2\/posts\/178566\/revisions"}],"wp:featuredmedia":[{"embeddable":true,"href":"https:\/\/plazajuarez.mx\/historico\/wp-json\/wp\/v2\/media\/171928"}],"wp:attachment":[{"href":"https:\/\/plazajuarez.mx\/historico\/wp-json\/wp\/v2\/media?parent=178566"}],"wp:term":[{"taxonomy":"category","embeddable":true,"href":"https:\/\/plazajuarez.mx\/historico\/wp-json\/wp\/v2\/categories?post=178566"},{"taxonomy":"post_tag","embeddable":true,"href":"https:\/\/plazajuarez.mx\/historico\/wp-json\/wp\/v2\/tags?post=178566"}],"curies":[{"name":"wp","href":"https:\/\/api.w.org\/{rel}","templated":true}]}}