{"id":178558,"date":"2021-08-23T09:46:43","date_gmt":"2021-08-23T14:46:43","guid":{"rendered":"https:\/\/plazajuarez.mx\/?p=178558"},"modified":"2021-08-23T09:46:52","modified_gmt":"2021-08-23T14:46:52","slug":"reconocen-labor-de-los-bomberos-de-hidalgo-en-la-celebracion-de-su-dia","status":"publish","type":"post","link":"https:\/\/plazajuarez.mx\/historico\/reconocen-labor-de-los-bomberos-de-hidalgo-en-la-celebracion-de-su-dia\/","title":{"rendered":"Reconocen labor de los Bomberos de Hidalgo, en la celebraci\u00f3n de su d\u00eda"},"content":{"rendered":"\n<p>Con una guardia de honor, entrega de equipamiento y reconocimientos, en el Monumento al Bombero, a nombre del Gobernador Omar Fayad y del Secretario Mauricio Delmar Saavedra, Se celebr\u00f3 el D\u00eda Internacional del Bombero en esta capital hidalguense.<\/p>\n\n\n\n<p>En el evento se resalt\u00f3 de manera especial a los servidores p\u00fablicos que dedican su labor a atender incidentes que ponen en riesgo su propia vida.<\/p>\n\n\n\n<p>Tambi\u00e9n se asegur\u00f3 que el auxilio oportuno que elementos del Cuerpo de Bomberos de Hidalgo llevan a cabo por reportes sobre hechos de seguridad p\u00fablica, protecci\u00f3n civil y m\u00e9dicos, es pieza clave para la operatividad a trav\u00e9s del 911 de Emergencias.<\/p>\n\n\n\n<p>La conmemoraci\u00f3n fue presidida por, el comisario de la Agencia de Seguridad del estado de Hidalgo, Uriel de Jes\u00fas Moreno Castro, as\u00ed como por el alcalde de Pachuca, Sergio Ba\u00f1os, y Jos\u00e9 Guadalupe Ben\u00edtez, del Departamento de Bomberos de la ciudad de Suisun, California, EUA.<\/p>\n","protected":false},"excerpt":{"rendered":"<p>Con una guardia de honor, entrega de equipamiento y reconocimientos, en el Monumento al Bombero, a nombre del Gobernador Omar Fayad y del Secretario Mauricio Delmar Saavedra, Se celebr\u00f3 el D\u00eda Internacional del Bombero en esta capital hidalguense. En el evento se resalt\u00f3 de manera especial a los servidores p\u00fablicos que dedican su labor a [&hellip;]<\/p>\n","protected":false},"author":93,"featured_media":178570,"comment_status":"closed","ping_status":"closed","sticky":false,"template":"","format":"standard","meta":{"footnotes":""},"categories":[37],"tags":[],"class_list":["post-178558","post","type-post","status-publish","format-standard","has-post-thumbnail","hentry","category-barandilla"],"_links":{"self":[{"href":"https:\/\/plazajuarez.mx\/historico\/wp-json\/wp\/v2\/posts\/178558","targetHints":{"allow":["GET"]}}],"collection":[{"href":"https:\/\/plazajuarez.mx\/historico\/wp-json\/wp\/v2\/posts"}],"about":[{"href":"https:\/\/plazajuarez.mx\/historico\/wp-json\/wp\/v2\/types\/post"}],"author":[{"embeddable":true,"href":"https:\/\/plazajuarez.mx\/historico\/wp-json\/wp\/v2\/users\/93"}],"replies":[{"embeddable":true,"href":"https:\/\/plazajuarez.mx\/historico\/wp-json\/wp\/v2\/comments?post=178558"}],"version-history":[{"count":0,"href":"https:\/\/plazajuarez.mx\/historico\/wp-json\/wp\/v2\/posts\/178558\/revisions"}],"wp:featuredmedia":[{"embeddable":true,"href":"https:\/\/plazajuarez.mx\/historico\/wp-json\/wp\/v2\/media\/178570"}],"wp:attachment":[{"href":"https:\/\/plazajuarez.mx\/historico\/wp-json\/wp\/v2\/media?parent=178558"}],"wp:term":[{"taxonomy":"category","embeddable":true,"href":"https:\/\/plazajuarez.mx\/historico\/wp-json\/wp\/v2\/categories?post=178558"},{"taxonomy":"post_tag","embeddable":true,"href":"https:\/\/plazajuarez.mx\/historico\/wp-json\/wp\/v2\/tags?post=178558"}],"curies":[{"name":"wp","href":"https:\/\/api.w.org\/{rel}","templated":true}]}}