{"id":178555,"date":"2021-08-23T08:45:22","date_gmt":"2021-08-23T13:45:22","guid":{"rendered":"https:\/\/plazajuarez.mx\/?p=178555"},"modified":"2021-08-23T08:45:32","modified_gmt":"2021-08-23T13:45:32","slug":"firman-convenio-de-colaboracion-intermunicipal-2","status":"publish","type":"post","link":"https:\/\/plazajuarez.mx\/historico\/firman-convenio-de-colaboracion-intermunicipal-2\/","title":{"rendered":"Firman convenio de colaboraci\u00f3n intermunicipal"},"content":{"rendered":"\n<p><strong>Zempoala.-<\/strong> \u201cEs nuestra responsabilidad el mejorar las condiciones de vida, con proyectos que beneficien a todos los habitantes del municipio\u201d, afirm\u00f3 Jes\u00fas Hern\u00e1ndez Ju\u00e1rez, alcalde Zempoala, al firmar el \u201cConvenio de Colaboraci\u00f3n Intermunicipal para el Desarrollo Econ\u00f3mico\u201d, con municipios de la regi\u00f3n.<\/p>\n\n\n\n<p>Dijo: \u201ceste acuerdo nos permitir\u00e1 trabajar de manera conjunta para impulsar la reactivaci\u00f3n econ\u00f3mica, con nuevas y mejores estrategias y diversos mecanismos enfocados principalmente en el sector salud, empresarial, laboral, tur\u00edstico y agropecuario\u201d.<\/p>\n\n\n\n<p>Precis\u00f3 que este convenio de colaboraci\u00f3n se firm\u00f3 con sus hom\u00f3logos de Mineral de la Reforma, Villa de Tezontepec, Zacualtip\u00e1n, Tepeapulco, Mineral del Monte, Zapotl\u00e1n de Ju\u00e1rez, Apan, Epazoyucan, Singuilucan y San Agust\u00edn Metzquititl\u00e1n.<\/p>\n\n\n\n<p>Coment\u00f3 que uno de los principales objetivos es crear nuevas condiciones necesarias para impulsar el desarrollo econ\u00f3mico de los ciudadanos generando mejores oportunidades de empleo y detonando un turismo que tenga como estandarte el legado hist\u00f3rico-cultural.<\/p>\n","protected":false},"excerpt":{"rendered":"<p>Zempoala.- \u201cEs nuestra responsabilidad el mejorar las condiciones de vida, con proyectos que beneficien a todos los habitantes del municipio\u201d, afirm\u00f3 Jes\u00fas Hern\u00e1ndez Ju\u00e1rez, alcalde Zempoala, al firmar el \u201cConvenio de Colaboraci\u00f3n Intermunicipal para el Desarrollo Econ\u00f3mico\u201d, con municipios de la regi\u00f3n. Dijo: \u201ceste acuerdo nos permitir\u00e1 trabajar de manera conjunta para impulsar la reactivaci\u00f3n [&hellip;]<\/p>\n","protected":false},"author":69,"featured_media":178556,"comment_status":"closed","ping_status":"closed","sticky":false,"template":"","format":"standard","meta":{"footnotes":""},"categories":[40],"tags":[],"class_list":["post-178555","post","type-post","status-publish","format-standard","has-post-thumbnail","hentry","category-region"],"_links":{"self":[{"href":"https:\/\/plazajuarez.mx\/historico\/wp-json\/wp\/v2\/posts\/178555","targetHints":{"allow":["GET"]}}],"collection":[{"href":"https:\/\/plazajuarez.mx\/historico\/wp-json\/wp\/v2\/posts"}],"about":[{"href":"https:\/\/plazajuarez.mx\/historico\/wp-json\/wp\/v2\/types\/post"}],"author":[{"embeddable":true,"href":"https:\/\/plazajuarez.mx\/historico\/wp-json\/wp\/v2\/users\/69"}],"replies":[{"embeddable":true,"href":"https:\/\/plazajuarez.mx\/historico\/wp-json\/wp\/v2\/comments?post=178555"}],"version-history":[{"count":0,"href":"https:\/\/plazajuarez.mx\/historico\/wp-json\/wp\/v2\/posts\/178555\/revisions"}],"wp:featuredmedia":[{"embeddable":true,"href":"https:\/\/plazajuarez.mx\/historico\/wp-json\/wp\/v2\/media\/178556"}],"wp:attachment":[{"href":"https:\/\/plazajuarez.mx\/historico\/wp-json\/wp\/v2\/media?parent=178555"}],"wp:term":[{"taxonomy":"category","embeddable":true,"href":"https:\/\/plazajuarez.mx\/historico\/wp-json\/wp\/v2\/categories?post=178555"},{"taxonomy":"post_tag","embeddable":true,"href":"https:\/\/plazajuarez.mx\/historico\/wp-json\/wp\/v2\/tags?post=178555"}],"curies":[{"name":"wp","href":"https:\/\/api.w.org\/{rel}","templated":true}]}}